{"id":746,"date":"2015-05-01T18:21:34","date_gmt":"2015-05-01T18:21:34","guid":{"rendered":"http:\/\/dobrowol.org\/blog\/?p=746"},"modified":"2015-05-01T18:21:34","modified_gmt":"2015-05-01T18:21:34","slug":"tv-i-prasa-oraz-urzednicy-wygrali-z-wolnoscia-wypowiedzi","status":"publish","type":"post","link":"https:\/\/dobrowol.org\/blog\/2015\/05\/01\/tv-i-prasa-oraz-urzednicy-wygrali-z-wolnoscia-wypowiedzi\/","title":{"rendered":"TV i prasa oraz urz\u0119dnicy wygrali z wolno\u015bci\u0105 wypowiedzi"},"content":{"rendered":"<div align=\"justify\">Prasa, telewizja i tzw. ruchy miejskie \u015bwi\u0119tuj\u0105 zwyci\u0119stwo nad reklam\u0105 outdoorow\u0105. Media dlatego, \u017ce ograniczono konkurencj\u0119 na rynku reklamy. Ruchy miejskie bo uzyska\u0142y ustawowe potwierdzenie swoich subiektywnych odczu\u0107 estetycznych.  Ja si\u0119 smuc\u0119. G\u0142\u00f3wnie  dlatego, \u017ce zabetonowano kolejny kana\u0142 komunikacji dost\u0119pny pojedynczym obywatelom. Ustawa krajobrazowa pozwala w\u0142adzom lokalnym zakaza\u0107 lub ob\u0142o\u017cy\u0107 wysokimi podatkami najta\u0144sz\u0105 dost\u0119pn\u0105 obywatelom form\u0119 masowego komunikowania si\u0119. Za chwil\u0119, gdy wywiesisz baner przeciw bezprawiu w\u0142adzy to dostaniesz mandaty, podatki i wi\u0119zienie \u2013 bo przecie\u017c w\u0142adza og\u0142osi\u0142a kodeks estetyki miasta i wsi. <\/div>\n<p><!--more--><\/p>\n<div align=\"justify\">Z estetyk\u0105 jest jak z dup\u0105. Ka\u017cdy ma swoj\u0105. Mi osobi\u015bcie nie przeszkadza Times Square w Nowym Jorku oblepiony neonowymi reklamami: <\/div>\n<img loading=\"lazy\" decoding=\"async\" src=\"http:\/\/www.dobrowol.org\/drobiazgi\/rownowaga016.jpg\" alt=\"\" width=\"450\" height=\"350\" border=\"0\" \/>\n<div align=\"center\"><strong>\u0179r\u00f3d\u0142o:<\/strong> <a href=\" http:\/\/commons.wikimedia.org\/wiki\/File:NYC_Times_Square_wide_angle.jpg\">  Commons Wikimedia<\/a><\/div>\n<p><\/p>\n<div align=\"justify\">A nasycenie Tokio reklamami uwa\u017cam, za sztuk\u0119 sam\u0105 w sobie: <\/div>\n<img loading=\"lazy\" decoding=\"async\" src=\"http:\/\/www.dobrowol.org\/drobiazgi\/rownowaga017.jpg\" alt=\"\" width=\"450\" height=\"350\" border=\"0\" \/>\n<div align=\"center\"><strong>\u0179r\u00f3d\u0142o:<\/strong> <a href=\" http:\/\/commons.wikimedia.org\/wiki\/File:Shibuya_Shinyuku-Tokio-Japon10.jpg\" > Commons Wikimedia <\/a><\/div>\n<p><\/p>\n<div align=\"justify\">Nie wydaje si\u0119, by powy\u017csze zdj\u0119cia by\u0142y dowodem na cywilizacyjne zap\u00f3\u017anienie obwieszonych reklam\u0105 miast jak chc\u0105 zwolennicy ustawy krajobrazowej. Co najwy\u017cej na inne poczucie estetyki. <\/div>\n<p><\/p>\n<div align=\"justify\">Ale od subiektywnych odczu\u0107 gro\u017aniejsze jest zablokowanie nam kana\u0142u taniej i powszechnie dost\u0119pnej komunikacji obywatel do obywateli. Ka\u017cdy potrafi zrobi\u0107 banner i go wywiesi\u0107. Ka\u017cdego na razie sta\u0107 na wykupienie jednego lub kilku billboard\u00f3w \u2013 i co wa\u017cniejsze firmy reklamowe udost\u0119pniaj\u0105 jeszcze billboardy w takich ilo\u015bciach.  Dzi\u015b, gdy pojedynczy Polak zechce wsp\u00f3\u0142obywatelom co\u015b zakomunikowa\u0107 mo\u017ce te\u017c sobie na balkonie wywiesi\u0107 banner. Za chwil\u0119 b\u0119dzie to niemo\u017cliwe lub bardzo drogie. Posypi\u0105 si\u0119 kary, op\u0142aty reklamowe i wyroki wi\u0119zienia przewidziane w ustawie. <\/div>\n<p><\/p>\n<div align=\"justify\">Chcia\u0142bym by\u0107 z\u0142ym prorokiem, ale obawiam si\u0119, \u017ce za rok dowiemy si\u0119 \u017ce w\u0142adzy w ko\u0144cu uda\u0142o si\u0119 zlikwidowa\u0107 licznik d\u0142ugu w Warszawie \u2013 bo nie pasuje do nowej urz\u0119dowej estetyki miasta. Nie wierzysz? To zobacz, \u017ce reklam\u0119 zdefiniowano na tyle szeroko, \u017ce obejmuje przekaz niekomercyjny: <\/div>\n<img loading=\"lazy\" decoding=\"async\" src=\"http:\/\/www.dobrowol.org\/drobiazgi\/rownowaga019.jpg\" alt=\"\" width=\"450\" height=\"184\" border=\"0\" \/>\n<div align=\"justify\">Nie b\u0119dziesz te\u017c m\u00f3g\u0142 powiesi\u0107 na swoim balkonie informacji o ulubionym kandydacie politycznym. G\u0142\u00f3wnym partiom to nie przeszkadza. Maj\u0105 twoje i moje pieni\u0105dze na wykupienie reklamy w TV i prasie. Ale kandydatom z poza establishmentu w\u0142a\u015bnie wybudowano kolejn\u0105 przeszkod\u0119. Bo jak inaczej rozumie\u0107 podci\u0105gni\u0119cie pod reklam\u0119 promowanie os\u00f3b? <\/div>\n<p><\/p>\n<div align=\"justify\">Ustawa za to tworzy przywilej ko\u015bcio\u0142a do reklamowania jego us\u0142ug: <\/div>\n<img loading=\"lazy\" decoding=\"async\" src=\"http:\/\/www.dobrowol.org\/drobiazgi\/rownowaga018.jpg\" alt=\"\" width=\"450\" height=\"185\" border=\"0\" \/>\n<div align=\"justify\">Gdyby w Polsce obowi\u0105zywa\u0142a r\u00f3wno\u015b\u0107 wobec prawa to podobny przywilej przys\u0142ugiwa\u0142 by ateistom, ale wiemy jak u nas jest. Taka dyskryminacja nas nie dziwi i nie wkurza. Zbyt spowszednia\u0142a. Nie dziwi nas i nie wkurza, \u017ce koncerny medialne za\u0142atwi\u0142y przesuni\u0119cie bud\u017cet\u00f3w reklamowych do siebie. <\/div>\n<p><\/p>\n<div align=\"justify\"> Dziwi mnie natomiast, \u017ce Polacy tak spokojnie si\u0119 godz\u0105 na zabranie im najprostszego i najta\u0144szego kana\u0142u komunikowania si\u0119 pomi\u0119dzy sob\u0105. Dziwi mnie, \u017ce ustawowe wyci\u015bni\u0119cie mniejszych firm na rzecz du\u017cych koncern\u00f3w medialnych nikogo nie dziwi. Dziwi, \u017ce nowy podatek od reklamy zewn\u0119trznej o tak sobie po prostu przeszed\u0142. <\/div>\n","protected":false},"excerpt":{"rendered":"<p>Prasa, telewizja i tzw. ruchy miejskie \u015bwi\u0119tuj\u0105 zwyci\u0119stwo nad reklam\u0105 outdoorow\u0105. Media dlatego, \u017ce ograniczono konkurencj\u0119 na rynku reklamy. Ruchy miejskie bo uzyska\u0142y ustawowe potwierdzenie swoich subiektywnych odczu\u0107 estetycznych. Ja si\u0119 smuc\u0119. G\u0142\u00f3wnie dlatego, \u017ce zabetonowano kolejny kana\u0142 komunikacji dost\u0119pny pojedynczym obywatelom. Ustawa krajobrazowa pozwala w\u0142adzom lokalnym zakaza\u0107 lub ob\u0142o\u017cy\u0107 wysokimi podatkami najta\u0144sz\u0105 dost\u0119pn\u0105 obywatelom [&hellip;]<\/p>\n","protected":false},"author":3,"featured_media":0,"comment_status":"open","ping_status":"open","sticky":false,"template":"","format":"standard","meta":{"footnotes":""},"categories":[14],"tags":[],"class_list":{"0":"post-746","1":"post","2":"type-post","3":"status-publish","4":"format-standard","6":"category-wszechwladza-klasy-urzedniczej"},"_links":{"self":[{"href":"https:\/\/dobrowol.org\/blog\/wp-json\/wp\/v2\/posts\/746","targetHints":{"allow":["GET"]}}],"collection":[{"href":"https:\/\/dobrowol.org\/blog\/wp-json\/wp\/v2\/posts"}],"about":[{"href":"https:\/\/dobrowol.org\/blog\/wp-json\/wp\/v2\/types\/post"}],"author":[{"embeddable":true,"href":"https:\/\/dobrowol.org\/blog\/wp-json\/wp\/v2\/users\/3"}],"replies":[{"embeddable":true,"href":"https:\/\/dobrowol.org\/blog\/wp-json\/wp\/v2\/comments?post=746"}],"version-history":[{"count":0,"href":"https:\/\/dobrowol.org\/blog\/wp-json\/wp\/v2\/posts\/746\/revisions"}],"wp:attachment":[{"href":"https:\/\/dobrowol.org\/blog\/wp-json\/wp\/v2\/media?parent=746"}],"wp:term":[{"taxonomy":"category","embeddable":true,"href":"https:\/\/dobrowol.org\/blog\/wp-json\/wp\/v2\/categories?post=746"},{"taxonomy":"post_tag","embeddable":true,"href":"https:\/\/dobrowol.org\/blog\/wp-json\/wp\/v2\/tags?post=746"}],"curies":[{"name":"wp","href":"https:\/\/api.w.org\/{rel}","templated":true}]}}