{"id":502,"date":"2014-01-22T19:17:59","date_gmt":"2014-01-22T19:17:59","guid":{"rendered":"http:\/\/dobrowol.org\/blog\/2014\/01\/22\/wolno_kalego\/"},"modified":"2014-01-22T19:17:59","modified_gmt":"2014-01-22T19:17:59","slug":"wolno_kalego","status":"publish","type":"post","link":"https:\/\/dobrowol.org\/blog\/2014\/01\/22\/wolno_kalego\/","title":{"rendered":"Wolno\u015b\u0107 Kalego"},"content":{"rendered":"<div align=\"justify\">W Polsce wolno\u015b\u0107 s\u0142owa trzeba chroni\u0107 przed  organizacjami chroni\u0105cymi prawa cz\u0142owieka.&nbsp; Helsi\u0144ska Fundacja Praw  Cz\u0142owieka <a href=\"http:\/\/wyborcza.pl\/1,75248,15316374,Sad_Najwyzszy__Legutko_musi_przeprosic_bylych_licealistow.html\" target=\"_blank\">pomog\u0142a skaza\u0107 prof. Legutk\u0119<\/a> za to, \u017ce nazwa\u0142 licealist&oacute;w  domagaj\u0105cych si\u0119 dyskusji o zdj\u0119ciu krzy\u017ca w szkole &quot;rozwydrzonymi i  rozpuszczonymi przez rodzic&oacute;w smarkaczami&quot;, a sam\u0105 dyskusj\u0105 nazwa\u0142  &quot;szczeniack\u0105 zadym\u0105&quot;.<\/div>\n<p><!--more--><br \/>\n<\/p>\n<div align=\"justify\">Nie unika w\u0105tpliwo\u015bci, \u017ce wypowied\u017a Legutki by\u0142a nieelegancka oraz prowadzona z pozycji osoby o wy\u017cszym statusie spo\u0142ecznym ni\u017c skrytykowani liceali\u015bci &ndash; Legutko to profesor, znany polityk i by\u0142y minister o\u015bwiaty. Ale tu ko\u0144czy si\u0119 zgoda z kulturaln\u0105 warszawk\u0105, kt&oacute;ra dzi\u015b cieszy si\u0119 ze skazania Legutki.<\/div>\n<div align=\"justify\">&nbsp;<\/div>\n<div align=\"justify\">Opinie paskudne powinny by\u0107 chronione na takich samych zasadach jak opinie wyra\u017cone kulturalnie. Bowiem, je\u015bli chamom wolno g\u0142osi\u0107 ich chamstwa to ja wiem, \u017ce jeszcze mam wolno\u015b\u0107 kulturalnej wypowiedzi. <\/div>\n<div align=\"justify\">&nbsp;<\/div>\n<div align=\"justify\">Niestety jak twierdzi na swoim facebookowym profilu Adam Bodnar z Helsi\u0144skiej Fundacji Praw Cz\u0142owieka (&bdquo;HFPCz.&rdquo;):<\/p>\n<blockquote><p>&bdquo;opinie nie powinny by\u0107 atakami personalnymi zmierzaj\u0105cymi do poni\u017cenia drugiej osoby i naruszenia jej godno\u015bci&rdquo;<\/p><\/blockquote>\n<p>Sorry Adam, wszystkie opinie maj\u0105 to do siebie, \u017ce albo poni\u017caj\u0105 albo podwy\u017cszaj\u0105 reputacje. A sprawa kultury wypowiedzi jest ocenna. Ka\u017cda opinia publicznie wypowiedziana wp\u0142ywa in plus lub in minus na reputacj\u0119 ocenianej osoby. A warunkowanie wolno\u015bci wypowiedzi jej kultur\u0105 jest krokiem ku ograniczeniu wolno\u015bci wypowiedzi. To co dla jednego b\u0119dzie kulturalne dla drugiego ju\u017c nie. R&oacute;\u017cni nawet rozs\u0105dni ludzie maj\u0105 r&oacute;\u017cn\u0105 wra\u017cliwo\u015b\u0107 i kultur\u0119 osobist\u0105. Subiektywne kryteria nie powinny decydowa\u0107 o tym kto mo\u017ce, a kto nie mo\u017ce skorzysta\u0107 z wolno\u015bci wypowiedzi, gdy\u017c to oznacza\u0107 b\u0119dzie, \u017ce o wolno\u015bci wypowiedzi decydowa\u0107 b\u0119dzie za nas w\u0142adza.<\/div>\n<div align=\"justify\">&nbsp;<\/div>\n<div align=\"justify\">A co do poni\u017cenia jako takiego to jest to kategoria ze \u015bredniowiecznych kod&oacute;w honorowych. Osoba statusu wy\u017cszego mog\u0142a bezkarnie l\u017cy\u0107 s\u0142owem osoby statusu ni\u017cszego, bo te nie mog\u0142y odpowiedzie\u0107. Na tym w\u0142a\u015bnie polega\u0142o owo poni\u017cenie: l\u017cy\u0142e\u015b go, a on je\u015bli by\u0142 podlejszego od ciebie statusu nie m&oacute;g\u0142 ci nic zrobi\u0107 czym demonstrowa\u0142 sw&oacute;j ni\u017cszy status. Oczywi\u015bcie zel\u017cenie osoby r&oacute;wnego statusu nara\u017ca\u0142o na pojedynek. A zel\u017cenie osoby wy\u017cszego statusu na inne przykre konsekwencje, jak obicie kijami przez s\u0142ugi zel\u017conej osoby. Ale drogi Adamie i helsi\u0144ska fundacjo przyjmijcie do wiadomo\u015bci, \u017ce \u015bredniowiecze si\u0119 sko\u0144czy\u0142o i mamy demokracj\u0119. Nie ma ju\u017c pojedynk&oacute;w o honor i nie wolno kaza\u0107 s\u0142ugom obi\u0107 kijem osob\u0119 podlejszej rangi za zniewag\u0119. Ka\u017cdy mo\u017ce obrzuca\u0107 si\u0119 grubym s\u0142owem. Uznawa\u0107 rzucone we\u0144 grube s\u0142owo za zniewag\u0119 lub nie. Mi najbli\u017csze jest podej\u015bcie pewnego s\u0119dziego australijskiego, kt&oacute;ry nazwany \u0107wokiem przez adowkata(!) odpowiedzia\u0142, \u017ce nie ska\u017ce go za obraz\u0119 s\u0105du, gdy\u017c tymi s\u0142owy adwokat sam sobie wystawi\u0142 opini\u0119 i w zupe\u0142no\u015bci si\u0119 ukara\u0142.<\/div>\n<div align=\"justify\">&nbsp;<\/div>\n<div align=\"justify\">W Polsce jednak przyzwyczajenie jeste\u015bmy, \u017ce salonowo klasowe normy wyznaczaj\u0105 granice wolno\u015bci s\u0142owa. Jeden z facebookowych znajomych Adama Bodnara na powy\u017csz\u0105 argumentacj\u0119 spyta\u0142 mnie:<\/p>\n<blockquote><p>Widzi Pan r&oacute;\u017cnic\u0119 mi\u0119dzy &quot;mija si\u0119 Pan z prawd\u0105&quot;, a &quot;gadasz bzdury, debilu&quot;?<\/p><\/blockquote>\n<\/div>\n<div align=\"justify\">&nbsp;<\/div>\n<div align=\"justify\">Tak owszem widz\u0119. Lecz uwa\u017cam obie formy za dopuszczalne. Gdy\u017c bardziej ceni\u0119 sobie wolno\u015b\u0107 wypowiedzi, ni\u017c danie s\u0105dom i innej w\u0142adzy prawa do wychowywania obywateli do kulturalnego w ich mniemaniu sposobu wys\u0142awiania si\u0119.<\/div>\n<div align=\"justify\">&nbsp;<\/div>\n<div align=\"justify\">Na wszelki wypadek zapami\u0119tajcie je\u015bli spotkacie na mie\u015bcie Adama Bodnara i ludzi z helsi\u0144skie fundacji nie nazwijcie ich &quot;rozwydrzonymi i rozpuszczonymi przez rodzic&oacute;w smarkaczami&quot; a ich dzia\u0142alno\u015bci &quot;szczeniack\u0105 zadym\u0105&quot; &ndash; bo uwa\u017caj\u0105 oni to za karalne prawem zniewa\u017cenie. <\/div>\n","protected":false},"excerpt":{"rendered":"<p>W Polsce wolno\u015b\u0107 s\u0142owa trzeba chroni\u0107 przed organizacjami chroni\u0105cymi prawa cz\u0142owieka.&nbsp; Helsi\u0144ska Fundacja Praw Cz\u0142owieka pomog\u0142a skaza\u0107 prof. Legutk\u0119 za to, \u017ce nazwa\u0142 licealist&oacute;w domagaj\u0105cych si\u0119 dyskusji o zdj\u0119ciu krzy\u017ca w szkole &quot;rozwydrzonymi i rozpuszczonymi przez rodzic&oacute;w smarkaczami&quot;, a sam\u0105 dyskusj\u0105 nazwa\u0142 &quot;szczeniack\u0105 zadym\u0105&quot;.<\/p>\n","protected":false},"author":3,"featured_media":0,"comment_status":"open","ping_status":"closed","sticky":false,"template":"","format":"standard","meta":{"footnotes":""},"categories":[7],"tags":[],"class_list":{"0":"post-502","1":"post","2":"type-post","3":"status-publish","4":"format-standard","6":"category-wolnosc-slowa"},"_links":{"self":[{"href":"https:\/\/dobrowol.org\/blog\/wp-json\/wp\/v2\/posts\/502","targetHints":{"allow":["GET"]}}],"collection":[{"href":"https:\/\/dobrowol.org\/blog\/wp-json\/wp\/v2\/posts"}],"about":[{"href":"https:\/\/dobrowol.org\/blog\/wp-json\/wp\/v2\/types\/post"}],"author":[{"embeddable":true,"href":"https:\/\/dobrowol.org\/blog\/wp-json\/wp\/v2\/users\/3"}],"replies":[{"embeddable":true,"href":"https:\/\/dobrowol.org\/blog\/wp-json\/wp\/v2\/comments?post=502"}],"version-history":[{"count":0,"href":"https:\/\/dobrowol.org\/blog\/wp-json\/wp\/v2\/posts\/502\/revisions"}],"wp:attachment":[{"href":"https:\/\/dobrowol.org\/blog\/wp-json\/wp\/v2\/media?parent=502"}],"wp:term":[{"taxonomy":"category","embeddable":true,"href":"https:\/\/dobrowol.org\/blog\/wp-json\/wp\/v2\/categories?post=502"},{"taxonomy":"post_tag","embeddable":true,"href":"https:\/\/dobrowol.org\/blog\/wp-json\/wp\/v2\/tags?post=502"}],"curies":[{"name":"wp","href":"https:\/\/api.w.org\/{rel}","templated":true}]}}