{"id":444,"date":"2011-07-28T21:50:20","date_gmt":"2011-07-28T21:50:20","guid":{"rendered":"http:\/\/dobrowol.org\/blog\/2011\/07\/28\/polska_to_nie_kraj_dla_modych_1\/"},"modified":"2011-07-28T21:50:20","modified_gmt":"2011-07-28T21:50:20","slug":"polska_to_nie_kraj_dla_modych_1","status":"publish","type":"post","link":"https:\/\/dobrowol.org\/blog\/2011\/07\/28\/polska_to_nie_kraj_dla_modych_1\/","title":{"rendered":"Polska to nie kraj dla m\u0142odych &#8211; 7"},"content":{"rendered":"<div align=\"justify\">Dzi\u015b pod tytu\u0142em <a href=\"http:\/\/praca.gazetaprawna.pl\/artykuly\/534329,polska_to_nie_jest_kraj_dla_mlodych_ludzi.html\" target=\"_blank\">&quot;Polska. To nie kraj dla m\u0142odych&quot;<\/a>&nbsp; \ud83d\ude09 ukaza\u0142 si\u0119 w Dzienniku Gazeta Prawna bardzo bogaty w dane i informacje artyku\u0142 o dyskryminacji m\u0142odych Polak&oacute;w za po\u015brednictwem bud\u017cetu pa\u0144stwa. Co\u015b si\u0119 zmienia. Temat gospodarczego konfliktu pokole\u0144 coraz cz\u0119\u015bciej trafia na \u0142amy i ekrany g\u0142&oacute;wnych medi&oacute;w w kontek\u015bcie prawdy jeszcze walcz\u0105cej o swoje miejsce, ale jednak prawdy.<\/div>\n<p><!--more--><\/p>\n<p align=\"justify\">Nie zawsze tak by\u0142o. Gdy 1 czerwca 2006 opublikowa\u0142em w Instytucie Sobieskiego raport p\/t&nbsp;<strong> <span><strong><a href=\"http:\/\/www.sobieski.org.pl\/\/panel\/plugins\/newsy\/files\/raport__IS_Pawel_Dobrowolski20060626192350.pdf\" target=\"_blank\">&bdquo;Starsi Polacy \u017cyj\u0105 na koszt m\u0142odszych Polak&oacute;w &#8211; zarys zjawiska. Kto p\u0142aci za starzenie si\u0119 spo\u0142ecze\u0144stwa i marnotrawstwo PRL&quot;<\/a><\/strong><\/span><\/strong> to spotka\u0142y mnie gromy nawet w gronie Instytutu. Nie by\u0142o dyskusji z tezami, tylko zarzucanie r&oacute;\u017cnych bzdur, a zw\u0142aszcza jaki\u015b z\u0142ych intencji. G\u0142&oacute;wnym argumentem przeciw by\u0142a nieprawda w postaci: &quot;przecie\u017c ja ju\u017c od\u0142o\u017cy\u0142am na swoj\u0105 emerytur\u0119 w ZUS&quot;. Widzia\u0142em, \u017ce nawet prezes Instytut, kt&oacute;ry wspiera\u0142 mnie przy pisaniu tekstu mia\u0142 w\u0105tpliwo\u015bci czy dobrze zrobili\u015bmy tekst publikuj\u0105c.<\/p>\n<p align=\"justify\">Zmieni\u0142em taktyk\u0119 i 28 lipca 2006 da\u0142em w Gazecie Wyborczej razem z kolegami Antczakiem i Petru artyku\u0142 p\/t &quot;Najgorzej maj\u0105 m\u0142odzi&quot;. Nasza teza, i\u017c konflikt pokole\u0144 jest faktem, starsi \u017cyj\u0105 na koszt m\u0142odych, a socjologowie pisz\u0105cy kolejne teksty o braku konfliktu pokole\u0144 (bo m\u0142odzi niby maj\u0105 te same warto\u015bci co starzy) uprawiaj\u0105 chciejstwo zosta\u0142a pomnini\u0119ta milczeniem. Przez 3 kolejne lata dawa\u0142em podobne teksty w bardziej niszowych publikacjach. I nic. \u017badnej debaty. <\/p>\n<p align=\"justify\">Dopiero we wrze\u015bniu 2009, gdy opublikowa\u0142em w Instytucie Sobieskiego <a target=\"_blank\" href=\"http:\/\/www.sobieski.org.pl\/news.php?id=562\">raport o prawdziwym poziomie zad\u0142u\u017cenia Polski<\/a> uwzgl\u0119dniaj\u0105cym zobowi\u0105zania emerytalne i szacuj\u0105cy \u0142\u0105czny d\u0142ug publiczny w wysoko\u015bci ponad 220% PKB a nie 50% PKB kilka os&oacute;b odnios\u0142o si\u0119 merytorycznie. Ale by\u0142o jeszcze sporo emocji, a kilku g\u0142\u0105b&oacute;w z tytu\u0142em profesora twierdzi\u0142o, \u017ce nie wiem o czym pisze &#8212; sorry, koledzy z Instytut Sobieskiego nie pozwolili mi upubliczni\u0107 nazwisk tych g\u0142\u0105b&oacute;w \ud83d\ude41 . <\/p>\n<p align=\"justify\">Na pocz\u0105tku pa\u017adziernika 2009 we Wprost da\u0142em artyku\u0142 p\/t&nbsp; <span><strong><a href=\"http:\/\/www.wprost.pl\/ar\/173495\/Rolowanie-mlodych\/\" target=\"_blank\">&quot;Rolowanie m\u0142odych&quot;<\/a>&nbsp;<\/strong><\/span> te same tezy i podobne dane co uprzednie, ale tym razem by\u0142o troch\u0119 oddzwi\u0119ku w mediach elektronicznych. Mo\u017ce pom&oacute;g\u0142 zasi\u0119g i format popularnego tygodnika. Nie wiem. Lecz gdy par\u0119 dni p&oacute;\u017aniej w Gazecie Wyborczej przeczyta\u0142em wywiad z Janem Rutkowskim p\/t &quot;Nasze Dzieci Nie Udzwign\u0105 Tego D\u0142ugu&quot;&nbsp; &#8211;&nbsp; w k&oacute;rym kto\u015b z establishementu jasno i dobitnie mowi jak powa\u017cny problem mamy z pokryciem koszt&oacute;w starzenia si\u0119 spo\u0142eczenstwa, oraz nazywa to zjawisko otwarcie konfliktem pokole\u0144 zrozumia\u0142em, \u017ce przekraczamy stopie\u0144 \u015bwiadomo\u015bci konieczny do zrozumienia wyzwania kt&oacute;re przed nami. A gdy w maju 2011 da\u0142em <a target=\"_blank\" href=\"http:\/\/www.batory.org.pl\/debaty\/20110530.htm\">w fundacji Batorego wyst\u0105pienie<\/a> o gospodarczym konflikcie pokole\u0144 w ramach debaty o konflikcie pokole\u0144 poj\u0105\u0142em, \u017ce teza o gospodarczym konflikcie pokole\u0144 przegrywanym przez m\u0142odych zyska\u0142a status dopuszczalnej w obiegu publicznym. Przy okazji po zamieszczeniu <a href=\"https:\/\/dobrowol.org\/blog\/2011\/06\/polska_to_nie_jest_kraj_dla_mo_4.html\" target=\"_blank\">na blogu zapisu mojej wypowiedzi z Batorego<\/a> odnotowa\u0142em po raz pierwszy w kilkuletniej historii bloga ponad 20 tys go\u015bci w jeden dzie\u0144.<\/p>\n<p align=\"justify\">Teraz twierdzenie o gospodarczym konflikcie pokole\u0144 ma ju\u017c status prawdy, co prawda prawdy kontestowanej, prawdy kt&oacute;ra broni si\u0119 argumentami przed zarzutami emocjonalnymi, ale jednak prawdy. Co teraz? Co dalej mo\u017cna zrobi\u0107?&nbsp; <\/p>\n<p align=\"justify\">Nast\u0119pny krok to spowodowa\u0107, by nasze pa\u0144stwo oficjalnie i regularnie liczy\u0142o&nbsp; ca\u0142y sw&oacute;j d\u0142ug. W\u0105ska miara d\u0142ugu publicznego stosowana obecnie mia\u0142a uzasadnie w XIX i na pocz\u0105tku XX wieku gdy pa\u0144stwo kupowa\u0142o g\u0142&oacute;wnie drogi, mosty, armaty i czo\u0142gi. Zobowi\u0105zania, kt&oacute;re powstawa\u0142y w spo\u015b&oacute;b widoczny i by\u0142y szybko realizowane. Lecz dzi\u015b gdy, bud\u017cet jest w coraz wi\u0119kszym stopniu wielk\u0105 firm\u0105 emerytaln\u0105 transferuj\u0105c\u0105 pieni\u0105dze od pokole\u0144 m\u0142odszych do pokole\u0144 starszych w spos&oacute;b niewidoczny dla og&oacute;\u0142u d\u0142ug pa\u0144stwa trzeba liczy\u0107 z uwzgl\u0119dnieniem zobowi\u0105za\u0144 emerytalnych. Bo nie mo\u017ce by\u0107 tak, \u017ce gdy politycy uchwalaj\u0105 wcze\u015bniejsze emerytury dla g&oacute;rnik&oacute;w na koszt podatnik&oacute;w warte oko\u0142o 70 miliard&oacute;w z\u0142otych to oficjalny d\u0142ug pa\u0144stwa nie wzro\u015bnie nawet o 1 grosz!<\/p>\n<p align=\"justify\">W sze\u015b\u0107 lat uda\u0142o si\u0119 gospodarczy konflikt pokole\u0144 uczyni\u0107 prawd\u0105 tolerowan\u0105 w obiegu publicznym. Mam nadziej\u0119, \u017ce w sze\u015b\u0107 lat uda si\u0119 spowodowa\u0107, \u017ce Polska oficjalnie b\u0119dzie liczy\u0107 ca\u0142y sw&oacute;j d\u0142ug. <\/p>\n<p align=\"justify\">&nbsp;<\/p>\n","protected":false},"excerpt":{"rendered":"<p>Dzi\u015b pod tytu\u0142em &quot;Polska. To nie kraj dla m\u0142odych&quot;&nbsp; \ud83d\ude09 ukaza\u0142 si\u0119 w Dzienniku Gazeta Prawna bardzo bogaty w dane i informacje artyku\u0142 o dyskryminacji m\u0142odych Polak&oacute;w za po\u015brednictwem bud\u017cetu pa\u0144stwa. Co\u015b si\u0119 zmienia. Temat gospodarczego konfliktu pokole\u0144 coraz cz\u0119\u015bciej trafia na \u0142amy i ekrany g\u0142&oacute;wnych medi&oacute;w w kontek\u015bcie prawdy jeszcze walcz\u0105cej o swoje miejsce, [&hellip;]<\/p>\n","protected":false},"author":3,"featured_media":0,"comment_status":"open","ping_status":"closed","sticky":false,"template":"","format":"standard","meta":{"footnotes":""},"categories":[2],"tags":[],"class_list":{"0":"post-444","1":"post","2":"type-post","3":"status-publish","4":"format-standard","6":"category-polska-to-nie-jest-kraj-dla-mlodych"},"_links":{"self":[{"href":"https:\/\/dobrowol.org\/blog\/wp-json\/wp\/v2\/posts\/444","targetHints":{"allow":["GET"]}}],"collection":[{"href":"https:\/\/dobrowol.org\/blog\/wp-json\/wp\/v2\/posts"}],"about":[{"href":"https:\/\/dobrowol.org\/blog\/wp-json\/wp\/v2\/types\/post"}],"author":[{"embeddable":true,"href":"https:\/\/dobrowol.org\/blog\/wp-json\/wp\/v2\/users\/3"}],"replies":[{"embeddable":true,"href":"https:\/\/dobrowol.org\/blog\/wp-json\/wp\/v2\/comments?post=444"}],"version-history":[{"count":0,"href":"https:\/\/dobrowol.org\/blog\/wp-json\/wp\/v2\/posts\/444\/revisions"}],"wp:attachment":[{"href":"https:\/\/dobrowol.org\/blog\/wp-json\/wp\/v2\/media?parent=444"}],"wp:term":[{"taxonomy":"category","embeddable":true,"href":"https:\/\/dobrowol.org\/blog\/wp-json\/wp\/v2\/categories?post=444"},{"taxonomy":"post_tag","embeddable":true,"href":"https:\/\/dobrowol.org\/blog\/wp-json\/wp\/v2\/tags?post=444"}],"curies":[{"name":"wp","href":"https:\/\/api.w.org\/{rel}","templated":true}]}}