{"id":431,"date":"2011-06-01T12:34:48","date_gmt":"2011-06-01T12:34:48","guid":{"rendered":"http:\/\/dobrowol.org\/blog\/2011\/06\/01\/polska_to_nie_jest_kraj_dla_mo_4\/"},"modified":"2011-06-01T12:34:48","modified_gmt":"2011-06-01T12:34:48","slug":"polska_to_nie_jest_kraj_dla_mo_4","status":"publish","type":"post","link":"https:\/\/dobrowol.org\/blog\/2011\/06\/01\/polska_to_nie_jest_kraj_dla_mo_4\/","title":{"rendered":"Polska to nie jest kraj dla m\u0142odych &#8211; 5"},"content":{"rendered":"<div align=\"justify\">W poniedzia\u0142ek w debacie <a title=\"M\u0142odzi jako problem i wyzwanie\" href=\"http:\/\/www.batory.org.pl\/debaty\/20110530.htm\" target=\"_blank\">&bdquo;M\u0142odzi jako problem i wyzwanie&rdquo; w Fundacji Batorego<\/a> da\u0142em <a href=\"http:\/\/www.dobrowol.org\/starzyimlodzi\/sprawiedliwoscmiedzypokoleniowa_batorymaj2011_03.ppt\" target=\"_blank\">prezentacj\u0119<\/a> n\/t&nbsp;gospodarczego konfliktu pokole\u0144. Poni\u017cej zapis mojej wypowiedzi spisany z pami\u0119ci. Jutro dam swoje spostrze\u017cenia co do wypowiedzi socjolog&oacute;w bior\u0105cych udzia\u0142 w konferencji.<\/div>\n<p><!--more--><\/p>\n<p align=\"justify\">Dzien dobry nazywam si\u0119 Pawe\u0142 Dobrowolski i przedstawi\u0119 dzi\u015b pa\u0144stwu przegl\u0105d informacji statystycznych opisuj\u0105cych gospodarczy konflikt pokole\u0144. Pozwol\u0119 sobie uj\u0105\u0107 temat inaczej ni\u017c zaproponowa\u0142 to nasz gospodarz. Zamiast m&oacute;wi\u0107 o &bdquo;m\u0142odych jako problemie i wyzwaniu&rdquo;, b\u0119d\u0119 m&oacute;wi\u0142 o starych jako problemie i wyzwaniu. Od razu spiesz\u0119 powiedzie\u0107 dlaczego:<\/p>\n<div align=\"justify\">\n<blockquote><p><strong>1.&nbsp;&nbsp; &nbsp;M\u0142odzi nie s\u0105 problemem lecz dojn\u0105 krow\u0105.<\/strong> To m\u0142odzi p\u0142aca za starzenie si\u0119 spo\u0142ecze\u0144stwa i marnotrawstwo PRL. A kolejni rz\u0105dz\u0105cy bez wzgl\u0119du na panuj\u0105cy system i opcj\u0119 polityczn\u0105 robi\u0105 dobrze obywatelom tu i teraz przerzucaj\u0105c koszty na m\u0142odych. <\/p>\n<p><strong>2.&nbsp;&nbsp; &nbsp;Model transfer&oacute;w mi\u0119dzygeneracyjnych wypracowany w epoce wysokiej dzietno\u015bci, sta\u0142 si\u0119 w epoce niskiej dzietno\u015bci niesprawiedliwy,<\/strong> bowiem powoduje, \u017ce pokolenia starsze obci\u0105\u017caj\u0105 m\u0142odzie\u017c i pokolenia nienarodzone, nieproporcjonalnie du\u017c\u0105 cz\u0119\u015bci\u0105 koszt&oacute;w starzenia si\u0119 spo\u0142ecze\u0144stwa.<\/p>\n<p><strong>3.&nbsp;&nbsp; &nbsp;Starsi Polacy za po\u015brednictwem bud\u017cetu podnosz\u0105 swoj\u0105 stop\u0119 \u017cyciow\u0105, a rachunek za w\u0142asn\u0105 konsumpcj\u0119,w postaci oficjalnego d\u0142ugu publicznego oraz wysokich niezewidencjonowanych zobowi\u0105za\u0144 pa\u0144stwa, przerzucaj\u0105 na m\u0142odych<\/strong> obywateli. Zap\u0142ac\u0105 go m\u0142odzi i jeszcze nienarodzeni w wy\u017cszych podatkach, ni\u017cszych \u015bwiadczeniach i gorszej infrastrukturze publicznej.<\/p>\n<p><strong>4.&nbsp;&nbsp; &nbsp;Nie ma \u017cadnego konfliktu pokole\u0144, bo m\u0142odzi nie widz\u0105 i nie wiedz\u0105 jak s\u0105 wykorzystywani.<\/strong> Konflikt b\u0119dzie, gdy m\u0142odzi zrozumiej\u0105 skal\u0119 redystrybucji mi\u0119dzypokoleniowej od m\u0142odszych do starszych za dekad\u0119 do dw&oacute;ch dekad. Ale wtedy b\u0119dzie za p&oacute;\u017ano by unikn\u0105\u0107 brutalnego zderzenia pokoleniowych egoizm&oacute;w&#8230;<\/p><\/blockquote>\n<\/div>\n<p>\u0179r&oacute;d\u0142em konfliktu jest starzenie si\u0119 spo\u0142ecze\u0144stwa. Jeszce p&oacute;\u0142 wieku temu na jednego emeryta lub rencist\u0119 przypada\u0142o kilkana\u015bcie os&oacute;b w wieku produkcyjnym:<\/p>\n<img loading=\"lazy\" decoding=\"async\" width=\"450\" height=\"350\" title=\"liczba emeryt&oacute;w i rencist&oacute;w do os&oacute;b wieku produkcyjnym\" alt=\"liczba emeryt&oacute;w i rencist&oacute;w do os&oacute;b wieku produkcyjnym\" src=\"http:\/\/www.dobrowol.org\/drobiazgi\/mlodzi001.jpg\" border=\"0\" \/>\n<div align=\"justify\">Dzi\u015b jest to poni\u017cej trzech os&oacute;b. A zwa\u017cywszy, \u017ce aktywnych zawodowo jest oko\u0142o po\u0142owa Polak&oacute;w w wieku produkcyjnym, oznacza to \u017ce jednego emeryta lub rencist\u0119 musi utrzyma\u0107 mniej ni\u017c dwie osoby. A to obci\u0105\u017cenie pracuj\u0105cych m\u0142odych b\u0119dzie rosna\u0107 wraz z dlaszym starzeniem si\u0119 spo\u0142ecze\u0144stwa. Gdyby\u015bmy chcieli podzieli\u0107 si\u0119 kosztem starzenia spo\u0142ecze\u0144stwa sprawiedliwie to nale\u017ca\u0142o zacz\u0105\u0107 p&oacute;\u0142 wieku temu. By system emerytalny by\u0142 neutralny pieni\u0119\u017cnie dla poszczeg&oacute;lnych pokole\u0144 przej\u015bcie na emerytury kapita\u0142owe (czyli takie kt&oacute;re s\u0105 finansowane z oszcz\u0119dno\u015bci przysz\u0142ych emeryt&oacute;w, a nie z podatk&oacute;w na\u0142o\u017conych na ich dzieci i wnuk&oacute;w) nale\u017ca\u0142o zacz\u0105\u0107 za Gomu\u0142ki. Niestety zamiast reformowa\u0107 politycy PRL rozdawali przywileje emerytalne rolnikom, g&oacute;rnikom, hutnikom, kolejarzom i nauczycielom na koszt przysz\u0142ych pokole\u0144, czyli dzisiejszych m\u0142odych. <\/div>\n<div align=\"justify\">Skutek jest taki, \u017ce jeste\u015bmy bardzo chojni dla emeryt&oacute;w. Pomimo m\u0142odego jak na Europ\u0119 spo\u0142ecze\u0144stwa Polska jest w grupie pa\u0144stw wydaj\u0105cych najwi\u0119kszy procent PKB na emerytury:<\/div>\n<p><img loading=\"lazy\" decoding=\"async\" width=\"450\" height=\"350\" src=\"http:\/\/www.dobrowol.org\/drobiazgi\/mlodzi002\" border=\"0\" \/>&nbsp;<\/p>\n<p align=\"justify\">M\u0142odzi opr&oacute;cz tego, \u017ce s\u0105 dla emeryt&oacute;w chojni to jeszcze uratowali ZUS przez bankructwem. Dotychczasowy system emerytalny, gdzie dzieci i wnuki p\u0142aci\u0142y za emerytury swoich dziadk&oacute;w i rodzic&oacute;w by\u0142 nie do utrzymania w obliczu starzenia si\u0119 spo\u0142ecze\u0144stwa. Dlatego od tego systemu pokoleniowego przeszli\u015bmy na system sk\u0142adkowy, gdzie ka\u017cdy odk\u0142ada na w\u0142asn\u0105 emerytur\u0119. Jednak obecni m\u0142odzi i jeszcze jedno nast\u0119pne pokolenie s\u0105 generacjami przej\u015bciowymi, kt&oacute;re za emerytury zap\u0142ac\u0105 dwa razy. Najpierw sp\u0142aca d\u0142ug, kt&oacute;ry nar&oacute;s\u0142 w systemie ZUS, a potem zap\u0142ac\u0105 sobie za w\u0142asne emerytury:<\/p>\n<p><img loading=\"lazy\" decoding=\"async\" width=\"450\" height=\"350\" title=\"m\u0142odzi zap\u0142ac\u0105 dwa razy\" alt=\"m\u0142odzi zap\u0142ac\u0105 dwa razy\" src=\"http:\/\/www.dobrowol.org\/drobiazgi\/mlodzi003\" border=\"0\" \/>&nbsp;<\/p>\n<p align=\"justify\">Skutek b\u0119dzie taki, \u017ce w ZUS relacja ostatniej pensji do emerytury wynosi ok 60%, a w OFE ok. 30%.<\/p>\n<p align=\"justify\">Co m\u0142odzi dostan\u0105 za te po\u015bwi\u0119cenia? D\u0142ug prosz\u0119 pa\u0144stwa. D\u0142ug! Obecnie oficjalne zad\u0142u\u017cenie publiczne na g\u0142ow\u0119 obywatela wynosi ponad 20 tys z\u0142otych, co stanowi ok 55% PKB. Lecz doliczaj\u0105c ukryte zobowi\u0105zania emerytalne d\u0142ug publiczne na g\u0142ow\u0119 ka\u017cdego obywatela wynosi ok 90 tys z\u0142otych, czyli ok 220% PKB. Jakie jest \u017ar&oacute;d\u0142o tego ukrytego d\u0142ugu publicznego? D\u0142ug wobec bank&oacute;w i posiadaczy obligacji ksi\u0119gowany jest memoria\u0142owo czyli w ca\u0142ej warto\u015bci, gdy tylko powstaje. Natomiast zobowi\u0105zania emerytalne s\u0105 ksi\u0119gowane kasowo czyli w statystyce pa\u0144stwowej pojawiaj\u0105 si\u0119 dopiero w roku wyp\u0142aty. Przyk\u0142adowo, gdy pa\u0144stwo uchwali\u0142o na koszt przysz\u0142ych pokole\u0144 przywileje emerytalne dla g&oacute;rnik&oacute;w warte wed\u0142ug szacunk&oacute;w oko\u0142o 70 miliard&oacute;w z\u0142otych to oficjalnych d\u0142ug pa\u0144stwa nie wzr&oacute;s\u0142 nawet ani o jeden grosz. A przecie\u017c istnieje jak najbardziej wymagalne zobowi\u0105zanie. Potwierdzone doktryn\u0105 Trybuna\u0142u Konstytucyjnego o prawach nabytych, oraz si\u0142\u0105 kilof&oacute;w g&oacute;rnik&oacute;w.<\/p>\n<p align=\"justify\">Niestety pokusa robienia dobrze tu i teraz obywatelom na koszt przysz\u0142ych pokole\u0144 jest wiecznie \u017cywa bez wzgl\u0119du na system polityczny oraz personalia rz\u0105dz\u0105cych. Na koszt przysz\u0142ych pokole\u0144: Gierek da\u0142 emerytury rolnikom, Jaruzelski da\u0142 przywilej wcze\u015bniejszych emerytur dla wybranych bran\u017c, SLD za Kwa\u015bniewskiego da\u0142o \u0142atwe renty oraz przywileje emerytalne s\u0119dziom i prokuratorom, PiS zwi\u0119kszy\u0142&nbsp; indeksacj\u0119 emerytur o wzrost p\u0142ac, Tusk z Bonim wykonali skok na OFE.&nbsp; Premier Tusk i minister Boni chwal\u0105 si\u0119, \u017ce antyreforma OFE do roku 2020 zmniejszy potrzeby po\u017cyczkowe pa\u0144stwa o 195 miliard&oacute;w. Maj\u0105 racj\u0119.&nbsp; Niestety maj\u0105 te\u017c nadziej\u0119, \u017ce m\u0142odzi nie zauwa\u017c\u0105, \u017ce skok na OFE tylko do 2020 wychoduje na kontach ZUS d\u0142ug w wysoko\u015bci 232 miliard&oacute;w.&nbsp; Wyborcy tu i teraz zaoszcz\u0119dz\u0105 195 miliard&oacute;w. A m\u0142odzi b\u0119d\u0105 na sam rok 2020 do ty\u0142u o 232 miliardy. Strach pyta\u0107 co b\u0119dzie dalej&#8230;<\/p>\n<p align=\"justify\">Tyle o redystrybucji od m\u0142odszych do starszych za pomoc\u0105 bud\u017cetu. A jak wygl\u0105da sytuacja na rynku pracy? Starsi Polacy unikaj\u0105 pracy. W grupie wiekowej 55-64 aktywnych zawodowo jest tylko 1\/3 Polak&oacute;w, a dla por&oacute;wnania w tej samej grupie wiekowej aktywnych zawodowo jest 80% Islandczyk&oacute;w:&nbsp;<\/p>\n<p><img loading=\"lazy\" decoding=\"async\" width=\"450\" height=\"350\" title=\"aktywno\u015b\u0107 zawodowa starszych\" alt=\"aktywno\u015b\u0107 zawodowa starszych\" src=\"http:\/\/www.dobrowol.org\/drobiazgi\/mlodzi004\" border=\"0\" \/>&nbsp;<\/p>\n<p align=\"justify\">Dla starszych Polak&oacute;w z prac\u0105 niski oficjalny wiek emerytalny, wczesne emerytury, oraz chojne rozdawane renty pozwalaj\u0105 \u017cy\u0107 na koszt m\u0142odszych cz\u0119\u015bciej ni\u017c inni Europejczycy. Natomiast dla starszych Polak&oacute;w bez pracy pseudprzywileje takie jak ochrona przed zwolnieniem w okresie przedemerytalnym czyni\u0105 ich niezatrudnialnymi i zmuszaj\u0105 do \u017cycia na koszt m\u0142odszych.<\/p>\n<p align=\"justify\">A jak wygl\u0105da sytuacja m\u0142odych na rynku pracy? Zostali wypchni\u0119ci z polskiego rynku pracy na rynek europejski. Prawie zawsze bezrobocie m\u0142odych jest wy\u017csze ni\u017c bezroboci\u0119 starszych, gdy\u017c praca m\u0142odych ze wzgl\u0119du na niskie do\u015bwiadczenie jest mniej warta. Z tym \u017ce, w Polsce ta zale\u017cno\u015b\u0107 przybiera warto\u015b\u0107 skrajn\u0105. Przez wiele lat mieli\u015bmy najwi\u0119ksz\u0105 r&oacute;\u017cnic\u0119 pomi\u0119dzy bezrobociem m\u0142odych i starych w c<\/p>\n<p>a\u0142ej Unii Eruopejskiej. Dopiero wej\u015bcie do Uni Europejskiej i zarobkowe wyjazdy m\u0142odych Polak&oacute;w zacz\u0119\u0142y t\u0119 r&oacute;\u017cnic\u0119 w generacyjnych stopach bezrobocia zmniejsza\u0107, zw\u0142aszcza po roku 2007, gdy zacz\u0119\u0142y si\u0119 masowe wyjazdy do Wlk. Brytanii i Irlandii.<\/p>\n<p>Co wypycha m\u0142odych z polskiego rynku pracy? W ka\u017cdym kraju bezrobocie m\u0142odych jest wy\u017csze ni\u017c starszych. Ale w Polsce ta r&oacute;\u017cnica na niekorzy\u015b\u0107 m\u0142odych jest o o wiele wy\u017csza ni\u017c w innych krajach. Przedewszystkim ze wzgl\u0119du na bardzo wysokie opodatkowanie pracy&nbsp; szczeg&oacute;lnie dotkliwe dla m\u0142odych, kt&oacute;rych praca jest mniej warta, gdy\u017c nie maj\u0105 jeszcze do\u015bwiadczenia. Dla wielu m\u0142odych os&oacute;b to co s\u0105 w stanie zarobi\u0107 po odj\u0119ciu koszt&oacute;w opodatkowania jest mniej ni\u017c suma potrzebna na samodzielne utrzymanie si\u0119 tam gdzie jest praca czyli w du\u017cych miastach. P&oacute;\u0142 biedy je\u015bli taki m\u0142ody mo\u017ce mieszka\u0107 u rodzic&oacute;w. Gorzej je\u015bli jest ze wsi lub miasteczka. Ponadto m\u0142odych z rynku pracy wypychaj\u0105 zwi\u0105zki zawodowe trzymaj\u0105ce przemys\u0142, kt&oacute;re s\u0105 sprzysi\u0119\u017ceniami posiadaj\u0105cych prac\u0119, oraz zach\u0142anne korporacje zawodowe w us\u0142ugach, kt&oacute;re tworz\u0105 m\u0142odym bariery wej\u015bcia na rynek w kilkudziesi\u0119ciu zawodach. Ponadto socjalistyczny kodeks pracy uprzywilejowuje pracuj\u0105cych (czyli starszych) oraz zwi\u0119ksza koszt pracy co jest szczeg&oacute;lnie dotkliwe dla m\u0142odych i tworzy kolejn\u0105 barier\u0119 dla ich zatrudniania.<\/p>\n<p>Wbrew powszechnym stereotypom bieda w Polsce jest problemem m\u0142odych. Premier Miller barwni opisywa\u0142 emeryt&oacute;w szukaj\u0105cych jedzenia w \u015bmietnikach. Jednak prawdzie bli\u017cszy jest obraz m\u0142odych szukaj\u0105cych jedzenia w \u015bmietnikach. W Polsce emeryci nie sa jako\u015b specjalnie ubodzy. Bior\u0105c za miar\u0119 statystyczne ryzyko ub&oacute;stwa czyli doch&oacute;d po transferach w wysoko\u015bci poni\u017cej 60% mediany okazuje si\u0119, \u017ce polscy seniorzy wypadaj\u0105 na tle Europy ca\u0142kiem dostatnio:<\/p>\n<p>&nbsp;<img loading=\"lazy\" decoding=\"async\" width=\"450\" height=\"350\" title=\"ubostwo starszych\" alt=\"ubostwo starszych\" src=\"http:\/\/www.dobrowol.org\/drobiazgi\/mlodzi005\" border=\"0\" \/><\/p>\n<p>Niestety m\u0142odzi w Polsce wypadaj\u0105 ju\u017c znacznie gorzej:<\/p>\n<p>&nbsp;<img loading=\"lazy\" decoding=\"async\" width=\"450\" height=\"350\" title=\"ubustwo mlodszych\" alt=\"ubustwo mlodszych\" src=\"http:\/\/www.dobrowol.org\/drobiazgi\/mlodzi006\" border=\"0\" \/><\/p>\n<p align=\"justify\">Prawda o ub&oacute;stwie w Polsce jest taka, \u017ce ryzyko ub&oacute;stwa maleje z wiekiem. Bieda w Polsce to przedewszystkim bieda m\u0142odych rodzic&oacute;w i ich dzieci.<\/p>\n<p align=\"justify\">Dlaczego m\u0142odzi przegrali mi\u0119dzygeneracyjny konlikt pokole\u0144? Starsi g\u0142&oacute;suj\u0105 w wyborach, s\u0105 roszczeniowi i zorganizowani w zwi\u0105zki zawodowe, partie polityczne, i korporacje zawodowe. Natomiast m\u0142odsi praktykuj\u0105 indywidualne strategie polepszenia stopy \u017cyciowej. Politycy dobrze wiedz\u0105, \u017ce cho\u0107 m\u0142odzi s\u0105 liczebni jako pokolenie to jako wyborcy jest ich niewielu:<\/p>\n<p>&nbsp;<img loading=\"lazy\" decoding=\"async\" width=\"450\" height=\"350\" title=\"udzia\u0142 w wyborach wed\u0142ug wieku\" alt=\"udzia\u0142 w wyborach wed\u0142ug wieku\" src=\"http:\/\/www.dobrowol.org\/drobiazgi\/mlodzi007\" border=\"0\" \/><\/p>\n<p align=\"justify\">To s\u0105 akurat dane z wybor&oacute;w bodaj\u017ce z roku 2003, lecz ta prawid\u0142owo\u015b\u0107 jest niezmienna. Ale te\u017c sta\u0142a dla wszystkich kraj&oacute;w dla kt&oacute;rych widzia\u0142em dane. Obywatele zaczynaj\u0105 cz\u0119\u015bciej g\u0142osowac dopiero po trzydziestym roku \u017cycia. A w sytuacji gdy m\u0142odzi s\u0105 ma\u0142\u0105 grup\u0105 wyborc&oacute;w, a do tego nie\u015bwiadom\u0105 koszt&oacute;w na\u0144 nak\u0142adanych nie mo\u017cna dziwi\u0107 si\u0119 politykom, kt&oacute;rzy dzia\u0142aj\u0105 na szkod\u0119 m\u0142odych.<br \/>&nbsp;<br \/>Co nas czeka w najbli\u017cszej dekadzie? Przerzucanie koszt&oacute;w w przysz\u0142o\u015b\u0107 na kolejne pokolenia si\u0119 ko\u0144czy. Niegdysiejsza odleg\u0142a przysz\u0142o\u015b\u0107 jest tu\u017c, tu\u017c&#8230;&nbsp; A kilka strukturalnych czynnik&oacute;w ekonomicznych powoduje, \u017ce mi\u0119dzygeneracyjny konflikt gospodarczy b\u0119dzie narasta\u0142:<\/p>\n<ul>\n<li>\n<div align=\"justify\">W najbli\u017cszej dekadzie oko\u0142o 10 mln os&oacute;b z pierwszego powojennego wy\u017cu przejdzie na emerytury na koszt m\u0142odych.<\/div>\n<\/li>\n<li>\n<div align=\"justify\">Renta gospodarcza z wej\u015bcia na rynek pracy wy\u017cu demograficznego lat 80ych&nbsp; w\u0142a\u015bnie si\u0119 ko\u0144czy.<\/div>\n<\/li>\n<li>\n<div align=\"justify\">Wyczerpi\u0105 si\u0119 proste rezerwy wzrostu stosowane w ostatnich 20 latach, takie jak eliminowanie marnotrawstwa PRL, znacznie ni\u017csze koszty pracy ni\u017c w Europie Zachodniej, oraz kupowanie na kredyt zachodnich technologi.<\/div>\n<\/li>\n<li>\n<div align=\"justify\">Obecne historycznie niskie koszty po\u017cyczania ko\u0144cz\u0105 si\u0119 &ndash; kryzysy niewyp\u0142acalno\u015bci pa\u0144stw chodz\u0105 stadami, co zwiekszy koszt obs\u0142ugi wysokiego d\u0142ugu publicznego.<\/div>\n<\/li>\n<\/ul>\n<p align=\"justify\">Dzi\u0119kuj\u0119 za uwag\u0119. Mam nadziej\u0119, \u017ce zmie\u015bci\u0142em si\u0119 w 10 minutach przewidzianych na wypowied\u017a.<\/p>\n<p>&nbsp;<\/p>\n<p><strong>Inne wpisy z cyklu Polska to nie jest kraj dla m\u0142odych:<\/strong><\/p>\n<p align=\"justify\"><a href=\"https:\/\/dobrowol.org\/blog\/2010\/12\/polska_to_nie_jest_kraj_dla_mo_3.html\" target=\"_blank\"><strong>Czynniki oficjalne ju\u017c si\u0119 zgadzaj\u0105<\/strong><\/a> &#8211; 30 grudnia 2010&nbsp;&#8211; Od kilku lat pisz\u0119 o tym, \u017ce bud\u017cet s\u0142u\u017cy do polepszania stopy \u017cycia starszych wyborc&oacute;w na koszt m\u0142odych i nienarodzonych obywateli. Kiedy\u015b spotyka\u0142y mnie za to gromy. Dzi\u015b zgadzaj\u0105 si\u0119 z tym twierdzeniem nawet czynniki oficjalne.<\/p>\n<p align=\"justify\"><strong><a href=\"https:\/\/dobrowol.org\/blog\/2010\/07\/polska_to_nie_jest_kraj_dla_mo.html\">M\u0142odzi polscy emeryci<\/a><\/strong> &#8211; 8 lipca 2010 &#8211; Ci leniwi Grecy pracuj\u0105 ponad dwa lat d\u0142u\u017cej ni\u017c Polacy. Przeci\u0119tny Grek idzie na emerytur\u0119 w wieku 61,4 lat. A przeci\u0119tny Polak idzie na emerytur\u0119 maj\u0105c zaledwie 59,3 lata. Wi\u0119c kto tu jest leniem? <\/p>\n<div align=\"justify\"><span><\/p>\n<p class=\"MsoNormal\"><strong><span><a href=\"https:\/\/dobrowol.org\/blog\/2009\/10\/polska_to_nie_jest_kraj_dla_mo_2.html\" target=\"_blank\">Polska jest nabardziej chojnym&nbsp; dla emeryt&oacute;w pa\u0144stwem UE<\/a>&nbsp; <\/span><\/strong>&#8211; <span class=\"post-footers\">19 pa\u017adziernika 2009 <\/span>&#8211; <span>Polacy to m\u0142ode spo\u0142ecze\u0144stwo, ale pa\u0144stwo Polskie wydaje bardzo du\u017co pieni\u0119dzy na emerytury. Ale za to Polska ma sz&oacute;ste najwi\u0119ksze wydatki na emerytury w stosunku do PKB. <\/span><\/p>\n<p><\/span><\/div>\n<div align=\"justify\"><span><\/p>\n<p class=\"MsoNormal\"><span><a title=\"Dyskryminacja m\u0142odych\" href=\"https:\/\/dobrowol.org\/blog\/2008\/11\/polska_to_nie_jest_kraj_dla_mo_1.html\" target=\"_blank\"><strong>Polska to nie jest kraj dla m\u0142odych<\/strong><\/a> &#8211; <\/span><span class=\"post-footers\">27 listopada 2008 &#8211; M\u0142odzi Polacy p\u0142ac\u0105 wi\u0119cej na emrytury i s\u0105&nbsp; cz\u0119\u015bciej bezrobotni ni\u017c ich europejscy r&oacute;wnie\u015bnicy.<\/span><\/p>\n<p><\/span><\/p>\n<p align=\"justify\"><strong><a href=\"https:\/\/dobrowol.org\/blog\/2007\/12\/po_oszukao_modych.html\" target=\"_blank\">PO oszuka\u0142o m\u0142odych<\/a><\/strong> &#8211; <span class=\"post-footers\">6 grudnia 2007 <\/span>&#8211; Zapowiada\u0142o si\u0119 dobrze. <span>Przed wyborami PO g\u0142o\u015bno m&oacute;wi\u0142a o ukr&oacute;ceniu emerytalnych przywilej&oacute;w dla mocnych politycznie bran\u017c. <span>Niestety po wyborach PO obiecuje g&oacute;rnikom i nauczycielom <span>&nbsp;<\/span>utrzymanie ich przywileju do wcze\u015bniejszych emerytur. Za utrzymanie tych przywilej&oacute;w zap\u0142ac\u0105 m\u0142odzi w wy\u017cszych podatkach i gorszych drogach.<\/span><\/span><\/p>\n<p><span><\/p>\n<p>Tekstu o rolowaniu m\u0142odych:<\/p>\n<p><strong><a href=\"http:\/\/www.wprost.pl\/ar\/173495\/Rolowanie-mlodych\/\" target=\"_blank\">&quot;Rolowanie m\u0142odych&quot;<\/a><\/strong>, Pawe\u0142 Dobrowolski, Wprost Numer: 41\/2009 (1394) &#8212; O gospodarczym konflikcie pokole\u0144<\/p>\n<p><strong><a href=\"http:\/\/www.liberte.pl\/gospodarka\/176.html\" target=\"_blank\">&quot;Prosimy o sprawiedliwsze roz\u0142o\u017cenie ci\u0119\u017car&oacute;w starzenia si\u0119 spo\u0142ecze\u0144stwa&quot;<\/a><\/strong>, Pawe\u0142 Dobrowolski, www.liberte.pl, pazdziernik 2008<\/p>\n<p><strong><a href=\"http:\/\/www.dobrowol.org\/drobiazgi\/W_poszukiwaniu_kompasu_dla_Polski.pdf\" target=\"_blank\">&quot;Jak zapobiec konfliktowi pokole\u0144 w Polsce?&quot;<\/a><\/strong>, Rafal Antczak, Pawe\u0142 Dobrowolski, rozdzia\u0142 w &quot;W poszukiwaniu kompasu dla Polski&quot;<\/p>\n<p>red. Jan Szomburg, str 159-167, IBnGR, 2007.<\/p>\n<p><strong><a href=\"http:\/\/www.dobrowol.org\/najgorzejmajamlodzi.html\" target=\"_blank\">&quot;Najgorzej maj\u0105 m\u0142odzi&quot;<\/a><\/strong>, Rafa\u0142 Antczak, Pawe\u0142 Dobrowolski, Ryszard Petru, Gazeta Wyborcza, 28 lipca 2006; pod linkiem wersja tekstu, kt&oacute;r\u0105 pos\u0142ali\u015bmy do redakcji &#8211; ukaza\u0142 si\u0119 z drobnymi zmianami.<\/p>\n<p><strong><a href=\"http:\/\/www.sobieski.org.pl\/\/panel\/plugins\/newsy\/files\/raport__IS_Pawel_Dobrowolski20060626192350.pdf\" target=\"_blank\">&bdquo;Starsi Polacy \u017cyj\u0105 na koszt m\u0142odszych Polak&oacute;w &#8211; zarys zjawiska. Kto p\u0142aci za starzenie si\u0119 spo\u0142ecze\u0144stwa i marnotrawstwo PRL&quot;<\/a><\/strong> Pawe\u0142 Dobrowolski, Instytut Sobieskiego, Warszawa, 1 czerwca 2006&nbsp; <\/span><\/div>\n","protected":false},"excerpt":{"rendered":"<p>W poniedzia\u0142ek w debacie &bdquo;M\u0142odzi jako problem i wyzwanie&rdquo; w Fundacji Batorego da\u0142em prezentacj\u0119 n\/t&nbsp;gospodarczego konfliktu pokole\u0144. Poni\u017cej zapis mojej wypowiedzi spisany z pami\u0119ci. Jutro dam swoje spostrze\u017cenia co do wypowiedzi socjolog&oacute;w bior\u0105cych udzia\u0142 w konferencji.<\/p>\n","protected":false},"author":3,"featured_media":0,"comment_status":"open","ping_status":"closed","sticky":false,"template":"","format":"standard","meta":{"footnotes":""},"categories":[2],"tags":[],"class_list":{"0":"post-431","1":"post","2":"type-post","3":"status-publish","4":"format-standard","6":"category-polska-to-nie-jest-kraj-dla-mlodych"},"_links":{"self":[{"href":"https:\/\/dobrowol.org\/blog\/wp-json\/wp\/v2\/posts\/431","targetHints":{"allow":["GET"]}}],"collection":[{"href":"https:\/\/dobrowol.org\/blog\/wp-json\/wp\/v2\/posts"}],"about":[{"href":"https:\/\/dobrowol.org\/blog\/wp-json\/wp\/v2\/types\/post"}],"author":[{"embeddable":true,"href":"https:\/\/dobrowol.org\/blog\/wp-json\/wp\/v2\/users\/3"}],"replies":[{"embeddable":true,"href":"https:\/\/dobrowol.org\/blog\/wp-json\/wp\/v2\/comments?post=431"}],"version-history":[{"count":0,"href":"https:\/\/dobrowol.org\/blog\/wp-json\/wp\/v2\/posts\/431\/revisions"}],"wp:attachment":[{"href":"https:\/\/dobrowol.org\/blog\/wp-json\/wp\/v2\/media?parent=431"}],"wp:term":[{"taxonomy":"category","embeddable":true,"href":"https:\/\/dobrowol.org\/blog\/wp-json\/wp\/v2\/categories?post=431"},{"taxonomy":"post_tag","embeddable":true,"href":"https:\/\/dobrowol.org\/blog\/wp-json\/wp\/v2\/tags?post=431"}],"curies":[{"name":"wp","href":"https:\/\/api.w.org\/{rel}","templated":true}]}}