{"id":318,"date":"2010-03-16T11:13:49","date_gmt":"2010-03-16T11:13:49","guid":{"rendered":"http:\/\/dobrowol.org\/blog\/2010\/03\/16\/linki_pompowa_bak_czy_zadba_o\/"},"modified":"2010-03-16T11:13:49","modified_gmt":"2010-03-16T11:13:49","slug":"linki_pompowa_bak_czy_zadba_o","status":"publish","type":"post","link":"https:\/\/dobrowol.org\/blog\/2010\/03\/16\/linki_pompowa_bak_czy_zadba_o\/","title":{"rendered":"Linki &#8211; Pompowa\u0107 ba\u0144k\u0119, czy zadba\u0107 o wyp\u0142acalno\u015b\u0107?"},"content":{"rendered":"<p><!--[if gte mso 9]><xml>  <w:WordDocument>   <w:View>Normal<\/w:View>   <w:Zoom>0<\/w:Zoom>   <w:PunctuationKerning\/>   <w:ValidateAgainstSchemas\/>   <w:SaveIfXMLInvalid>false<\/w:SaveIfXMLInvalid>   <w:IgnoreMixedContent>false<\/w:IgnoreMixedContent>   <w:AlwaysShowPlaceholderText>false<\/w:AlwaysShowPlaceholderText>   <w:Compatibility>    <w:BreakWrappedTables\/>    <w:SnapToGridInCell\/>    <w:WrapTextWithPunct\/>    <w:UseAsianBreakRules\/>    <w:DontGrowAutofit\/>   <\/w:Compatibility>   <w:BrowserLevel>MicrosoftInternetExplorer4<\/w:BrowserLevel>  <\/w:WordDocument> <\/xml><![endif]--><!--[if gte mso 9]><xml>  <w:LatentStyles DefLockedState=\"false\" LatentStyleCount=\"156\">  <\/w:LatentStyles> <\/xml><![endif]--> <!--[if gte mso 10]> \n\n<style>  \/* Style Definitions *\/  table.MsoNormalTable \t{mso-style-name:\"Table Normal\"; \tmso-tstyle-rowband-size:0; \tmso-tstyle-colband-size:0; \tmso-style-noshow:yes; \tmso-style-parent:\"\"; \tmso-padding-alt:0in 5.4pt 0in 5.4pt; \tmso-para-margin:0in; \tmso-para-margin-bottom:.0001pt; \tmso-pagination:widow-orphan; \tfont-size:10.0pt; \tfont-family:\"Times New Roman\"; \tmso-ansi-language:#0400; \tmso-fareast-language:#0400; \tmso-bidi-language:#0400;} <\/style>\n\n <![endif]-->  <\/p>\n<p class=\"MsoList\"><span><strong>Linki 16 marca 2010 <\/strong><br \/><\/span><\/p>\n<p align=\"justify\" class=\"MsoBodyText\">Jeff Sachs i George Osborne w weekendowym <span><a href=\"http:\/\/www.ft.com\/cms\/s\/0\/c1655c76-2f87-11df-9153-00144feabdc0.html\" target=\"_blank\" title=\"Jeff Sachs\">weekendowym Financial Times argumentuj\u0105 za odej\u015bciem od koncentrowania si\u0119 na kr&oacute;tkoterminowych wska\u017anikach wzrostu gospodarczego&nbsp; na rzecz zadbania o \u015brednioterminow\u0105 wyp\u0142acalno\u015b\u0107 pa\u0144stw<\/a>. <\/span><\/p>\n<p><!--more--><\/p>\n<p align=\"justify\" class=\"MsoBodyText\"><span>Wpisuj\u0105 si\u0119 tym samym w g\u0142&oacute;wn\u0119 debat\u0119  ekonomiczn\u0105 naszych czas&oacute;w. W debacie tej&nbsp; jeden ob&oacute;z za obecny kryzys wini  pa\u0144stwa, kt&oacute;re nie do\u015b\u0107, \u017ce chronicznie wydaj\u0105 wi\u0119cej ni\u017c zarabiaj\u0105, to  jeszcze by u\u0142atwi\u0107 sobie nap\u0119dzanie koniunktury s\u0142abo reguluj\u0105 rynek  finansowy. Drugi ob&oacute;z za kryzys wini chciwo\u015b\u0107 rynk&oacute;w finansowych. Ci  pierwsi chc\u0105 obni\u017cki wydatk&oacute;w i podwy\u017cki podatk&oacute;w, gdy\u017c boj\u0105 si\u0119 niewyp\u0142acalno\u015bci pa\u0144stw. Ci  drudzy chc\u0105 podwy\u017cki wydatk&oacute;w, gdy\u017c boj\u0105 si\u0119 spadku koniunktury  gospodarczej.<\/span><\/p>\n<div align=\"justify\">  <\/div>\n<p align=\"justify\" class=\"MsoBodyText\"><span>Sachs i Osborne  twierdz\u0105, i\u017c przed nami czas wolniejszego wzrostu. Szybszy wzrost  osi\u0105gniemy odkryciem nast\u0119pnej generacji nowych technologi i kolejnymi  inwestycjami w kapita\u0142 ludzki. Zwi\u0119kszenie wydatk&oacute;w, by stymulowa\u0107  koniunktur\u0119 tylko napompuj\u0119 kolejn\u0105 ba\u0144k\u0119. Wed\u0142ug nich nale\u017cy chroni\u0107  poszkodowanych p\u0119kni\u0119ciem ba\u0144ki, a\u017c wypracujemy kolejne lata wzrostu,. Ale wiar\u0119 w to, \u017ce dobre i wydajne miejsca pracy zostan\u0105 stworzone  wy\u017cszymi wydatkami pa\u0144stwa na pompowanie baniek lub kopanie row&oacute;w uznaj\u0105  za naiwn\u0105.<\/span><\/p>\n","protected":false},"excerpt":{"rendered":"<p>Linki 16 marca 2010 Jeff Sachs i George Osborne w weekendowym weekendowym Financial Times argumentuj\u0105 za odej\u015bciem od koncentrowania si\u0119 na kr&oacute;tkoterminowych wska\u017anikach wzrostu gospodarczego&nbsp; na rzecz zadbania o \u015brednioterminow\u0105 wyp\u0142acalno\u015b\u0107 pa\u0144stw.<\/p>\n","protected":false},"author":3,"featured_media":0,"comment_status":"open","ping_status":"closed","sticky":false,"template":"","format":"standard","meta":{"_jetpack_memberships_contains_paid_content":false,"footnotes":""},"categories":[1],"tags":[],"class_list":{"0":"post-318","1":"post","2":"type-post","3":"status-publish","4":"format-standard","6":"category-uncategorized"},"jetpack_featured_media_url":"","jetpack_sharing_enabled":true,"_links":{"self":[{"href":"https:\/\/dobrowol.org\/blog\/wp-json\/wp\/v2\/posts\/318","targetHints":{"allow":["GET"]}}],"collection":[{"href":"https:\/\/dobrowol.org\/blog\/wp-json\/wp\/v2\/posts"}],"about":[{"href":"https:\/\/dobrowol.org\/blog\/wp-json\/wp\/v2\/types\/post"}],"author":[{"embeddable":true,"href":"https:\/\/dobrowol.org\/blog\/wp-json\/wp\/v2\/users\/3"}],"replies":[{"embeddable":true,"href":"https:\/\/dobrowol.org\/blog\/wp-json\/wp\/v2\/comments?post=318"}],"version-history":[{"count":0,"href":"https:\/\/dobrowol.org\/blog\/wp-json\/wp\/v2\/posts\/318\/revisions"}],"wp:attachment":[{"href":"https:\/\/dobrowol.org\/blog\/wp-json\/wp\/v2\/media?parent=318"}],"wp:term":[{"taxonomy":"category","embeddable":true,"href":"https:\/\/dobrowol.org\/blog\/wp-json\/wp\/v2\/categories?post=318"},{"taxonomy":"post_tag","embeddable":true,"href":"https:\/\/dobrowol.org\/blog\/wp-json\/wp\/v2\/tags?post=318"}],"curies":[{"name":"wp","href":"https:\/\/api.w.org\/{rel}","templated":true}]}}