{"id":3092,"date":"2026-01-18T19:18:09","date_gmt":"2026-01-18T19:18:09","guid":{"rendered":"https:\/\/dobrowol.org\/blog\/?p=3092"},"modified":"2026-01-18T20:07:20","modified_gmt":"2026-01-18T20:07:20","slug":"xxi-wiek-to-nie-te-czasy-ze-spoleczenstwo-rozpadnie-sie-gdy-ktos-podwazy-religie-nie-znaczy-to-ze-nalezy-w-jej-miejsca-ustanawiac-nowe-tabu","status":"publish","type":"post","link":"https:\/\/dobrowol.org\/blog\/2026\/01\/18\/xxi-wiek-to-nie-te-czasy-ze-spoleczenstwo-rozpadnie-sie-gdy-ktos-podwazy-religie-nie-znaczy-to-ze-nalezy-w-jej-miejsca-ustanawiac-nowe-tabu\/","title":{"rendered":"XXI wiek to nie te czasy, \u017ce spo\u0142ecze\u0144stwo rozpadnie si\u0119, gdy kto\u015b podwa\u017cy religi\u0119. Nie znaczy to, \u017ce nale\u017cy w jej miejsca ustanawia\u0107 nowe tabu."},"content":{"rendered":"<p class=\"MsoNormal\" align=\"justify\"> <span id=\"more\"> Karanie za blu\u017anierstwo przez wieki mia\u0142o sens. Blu\u017anierstwo podwa\u017ca\u0142o porz\u0105dek spo\u0142eczny. Przysi\u0119ga religijna w sprawach \u015bwieckich potwierdza\u0142a umowy, umo\u017cliwia\u0142a dochodzenie prawdy w s\u0105dzie. Jednak ju\u017c od dawna prawo bo\u017ce i ludzkie nie stanowi\u0105 jedno\u015bci. Nie potrzebujemy kara\u0107 za brzydkie s\u0142owa o Bozi i jej wyznawcach. <\/p>\n<p class=\"MsoNormal\" align=\"justify\"> Ale je\u015bli znosi\u0107 w Polsce anno domini 2026 kar\u0119 za blu\u017anierstwo to po ca\u0142o\u015bci i bez zamiany jednych prawackich tabu (uczucia religijne) na nowe lewackie tabu (mowa nienawi\u015bci). <\/span><\/p>\n<p class=\"MsoNormal\" align=\"justify\"> Niestety minister sprawiedliwo\u015bci proponuje jedynie usuni\u0119cie kary wi\u0119zienia z przepis\u00f3w o obrazie uczu\u0107 religijnych (art. 196 k.k.). A chce pozostawi\u0107 kary grzywny oraz ograniczenia wolno\u015bci. Dla odmiany prawicowi tradycjonali\u015bci chc\u0105 utrzymania lub zaostrzenia kar za obraz\u0119 uczy\u0107 religijnych, np. zwi\u0119kszanie kary wi\u0119zienia z 2 do 3 lat. <\/p>\n<p class=\"MsoNormal\" align=\"justify\"> Jeszcze \u015bmieszniejsi w swym zaci\u0119ciu s\u0105 pseudolibera\u0142owie typu Liberte. G\u0142o\u015bno krzycz\u0105: zlikwidowa\u0107 kary za obraz\u0119 uczu\u0107 religijnych! \u015alepi pozostaj\u0105 na d\u0105\u017cenia do ustanowienia nowych karalnych tabu w postaci kar za mow\u0119 nienawi\u015bci. <\/p>\n<p align=\"center\"><img decoding=\"async\" src=\"http:\/\/www.dobrowol.org\/drobiazgi\/wolnoscslowa131.jpg\" alt=\"\" width=\"700\" border=\"0\"><\/p>\n<p class=\"MsoNormal\" align=\"justify\"> Je\u015bli kto\u015b musi dzi\u015b podrze\u0107 lub spali\u0107 bibli\u0119, koran czy talmud byle robi\u0142 to z w\u0142asnym, a nie cudzym egzemplarzem niech sobie pali i drze tyle ile ma egzemplarzy. Z kodeksu karnego wykre\u015bli\u0107 nale\u017cy \u015bciganie za obra\u017canie Jezusa, Mahometa, Jahwe oraz ich wyznawc\u00f3w. Niech ka\u017cdy o religii m\u00f3wi sobie co chce. <\/p>\n<p class=\"MsoNormal\" align=\"justify\"> Ale \u015bwiat si\u0119 te\u017c nie zawali, gdy jaki\u015b prostak nazwie murzyna czarnuchem, geja peda\u0142em, a muzu\u0142manina kozojebc\u0105, czy te\u017c b\u0119dzie krzycza\u0142 wolna Palestyna od rzeki do morza. <\/p>\n<p class=\"MsoNormal\" align=\"justify\"> Jednym z powod\u00f3w dla trwa\u0142o\u015bci w polskim prawie przednowoczesnych konstrukt\u00f3w typu obraza uczu\u0107 religijnych jest nieprzyswojenie przez polskich prawnik\u00f3w rozr\u00f3\u017cnienia na czyny i s\u0142owa oraz publicznego i prywatnego. <\/p>\n<p class=\"MsoNormal\" align=\"justify\"> Karalne powinny by\u0107 czyny jak np. zak\u0142\u00f3cenia nabo\u017ce\u0144stwa w ko\u015bciele czy mod\u0142\u00f3w w meczecie lub synagodze. Wi\u0119kszo\u015b\u0107 skaza\u0144 za blu\u017anierstwo w Polsce dotyczy niszczenia przydro\u017cnych kapliczek i krzy\u017cy czy napis\u00f3w na murach ko\u015bcielnych. To jest to wandalizm. Jako taki powinien by\u0107 karany. Ale obel\u017cywe wypowiedzi wobec religii czy palenie jej \u015bwi\u0119tych ksi\u0105g cho\u0107 niekulturalne w\u015br\u00f3d wolnych ludzi nie powinny by\u0107 \u015bcigane z mocy prawa. <\/p>\n<p class=\"MsoNormal\" align=\"justify\"> Gdy powiesz polskiemu prawnikowi, \u017ce ko\u015bci\u00f3\u0142, meczet i synagoga s\u0105 przestrzeni\u0105 prywatn\u0105 udost\u0119pnion\u0105 do u\u017cytku publicznego wyra\u017c\u0105 zdziwienie, a czasem oburzenie. Wsp\u00f3\u0142cze\u015bnie religia jest rzecz\u0105 prywatn\u0105. Ko\u015bcio\u0142y i inne miejsca kultu s\u0105 w\u0142asno\u015bci\u0105 organizacji prywatnych. Gdy miejsca kultu s\u0105 dewastowane lub obowi\u0105zuj\u0105ce w nich normy zachowania naruszane jest organizacja i osoby, kt\u00f3re mog\u0105 podj\u0105\u0107 stosowne kroki prawne w celu ich ochrony. <\/p>\n<p class=\"MsoNormal\" align=\"justify\"> Tak, takie rozr\u00f3\u017cnienie znaczy, \u017ce zak\u0142\u00f3canie mszy i mod\u0142\u00f3w b\u0119dzie traktowane podobnie jak naj\u015bcie na spotkanie filatelist\u00f3w, klubu dyskusyjnego czy zak\u0142\u00f3canie wyk\u0142adu na uczelni. I to jest normalne. Wszystkie prywatne organizacje maj\u0105 podobny poziom ochrony prawnej \u2013 nie ma przywilej\u00f3w dla niekt\u00f3rych. <\/p>\n<p class=\"MsoNormal\" align=\"justify\"> W awanturze o zmian\u0119 paragrafu o karalno\u015bci zniewa\u017cenie uczu\u0107 religijnych w\u0142a\u015bciwym jest by\u0107 przeciw obu stronom: rz\u0105dowi i tradycjonalistom. A za ca\u0142kowitym zniesieniem karalno\u015bci za blu\u017anierstwo oraz za ca\u0142kowitym zniesieniem karalno\u015bci za mow\u0119 nienawi\u015bci. Pseudolibera\u0142owie, kt\u00f3rzy chc\u0105 jedno tabu zast\u0105pi\u0107 innym niewiele maj\u0105 wsp\u00f3lnego z wolno\u015bci\u0105. <\/p>\n","protected":false},"excerpt":{"rendered":"<p>Karanie za blu\u017anierstwo przez wieki mia\u0142o sens. Blu\u017anierstwo podwa\u017ca\u0142o porz\u0105dek spo\u0142eczny. Przysi\u0119ga religijna w sprawach \u015bwieckich potwierdza\u0142a umowy, umo\u017cliwia\u0142a dochodzenie prawdy w s\u0105dzie. Jednak ju\u017c od dawna prawo bo\u017ce i ludzkie nie stanowi\u0105 jedno\u015bci. Nie potrzebujemy kara\u0107 za brzydkie s\u0142owa o Bozi i jej wyznawcach. Ale je\u015bli znosi\u0107 w Polsce anno domini 2026 kar\u0119 za [&hellip;]<\/p>\n","protected":false},"author":2,"featured_media":0,"comment_status":"open","ping_status":"open","sticky":false,"template":"","format":"standard","meta":{"footnotes":""},"categories":[7],"tags":[],"class_list":{"0":"post-3092","1":"post","2":"type-post","3":"status-publish","4":"format-standard","6":"category-wolnosc-slowa"},"_links":{"self":[{"href":"https:\/\/dobrowol.org\/blog\/wp-json\/wp\/v2\/posts\/3092","targetHints":{"allow":["GET"]}}],"collection":[{"href":"https:\/\/dobrowol.org\/blog\/wp-json\/wp\/v2\/posts"}],"about":[{"href":"https:\/\/dobrowol.org\/blog\/wp-json\/wp\/v2\/types\/post"}],"author":[{"embeddable":true,"href":"https:\/\/dobrowol.org\/blog\/wp-json\/wp\/v2\/users\/2"}],"replies":[{"embeddable":true,"href":"https:\/\/dobrowol.org\/blog\/wp-json\/wp\/v2\/comments?post=3092"}],"version-history":[{"count":2,"href":"https:\/\/dobrowol.org\/blog\/wp-json\/wp\/v2\/posts\/3092\/revisions"}],"predecessor-version":[{"id":3095,"href":"https:\/\/dobrowol.org\/blog\/wp-json\/wp\/v2\/posts\/3092\/revisions\/3095"}],"wp:attachment":[{"href":"https:\/\/dobrowol.org\/blog\/wp-json\/wp\/v2\/media?parent=3092"}],"wp:term":[{"taxonomy":"category","embeddable":true,"href":"https:\/\/dobrowol.org\/blog\/wp-json\/wp\/v2\/categories?post=3092"},{"taxonomy":"post_tag","embeddable":true,"href":"https:\/\/dobrowol.org\/blog\/wp-json\/wp\/v2\/tags?post=3092"}],"curies":[{"name":"wp","href":"https:\/\/api.w.org\/{rel}","templated":true}]}}