{"id":3061,"date":"2026-01-02T18:46:11","date_gmt":"2026-01-02T18:46:11","guid":{"rendered":"https:\/\/dobrowol.org\/blog\/?p=3061"},"modified":"2026-01-02T18:46:50","modified_gmt":"2026-01-02T18:46:50","slug":"nim-brukselscy-i-rodzimy-zamordysci-zabiora-nam-wolnosc-slowa-zrobmy-z-polski-europejska-wyspe-wolnego-slowa","status":"publish","type":"post","link":"https:\/\/dobrowol.org\/blog\/2026\/01\/02\/nim-brukselscy-i-rodzimy-zamordysci-zabiora-nam-wolnosc-slowa-zrobmy-z-polski-europejska-wyspe-wolnego-slowa\/","title":{"rendered":"Nim brukselscy i rodzimy zamordy\u015bci zabior\u0105 nam wolno\u015b\u0107 s\u0142owa zr\u00f3bmy z Polski europejsk\u0105 wysp\u0119 wolnego s\u0142owa!"},"content":{"rendered":"<p class=\"MsoNormal\" align=\"justify\"> <span id=\"more\">Zmniejsza si\u0119 wolno\u015b\u0107 s\u0142owa na zachodzie Europy. U nas p\u00f3ki co jest lepiej. Ale b\u0119dzie gorzej. Z unijnego przymusu w 2026 wprowadzimy cenzur\u0119 w internecie. Nasi zamordy\u015bci te\u017c chc\u0105 wi\u0119cej cenzury: lewica \u015bcigania za zniewa\u017canie mniejszo\u015bci, a prawica za zniewa\u017canie polsko\u015bci. Prokuratura szykuje specgrupy do zwalczania hejt spicz. <\/span> <\/p>\n<p class=\"MsoNormal\" align=\"justify\">By obroni\u0107 si\u0119 przez zamordystami brukselskimi i rodzimymi potrzebujemy zwi\u0119kszy\u0107 nasz\u0105 wolno\u015b\u0107 s\u0142owa do poziom\u00f3w ameryka\u0144skich. Nie baczy\u0107 na konwencje ONZ! Wchodzi\u0107 je\u015bli trzeba w konflikt z biurokratami UE!!  Uczyni\u0107 z Polski wysp\u0119 wolno\u015bci w Europie. Bo bez wolno\u015bci s\u0142owa znikn\u0105 inne wolno\u015bci. <\/p>\n<p class=\"MsoNormal\" align=\"justify\">W Europie Zachodniej mno\u017c\u0105 si\u0119 zakazy wolno\u015bci s\u0142owa i rozszerza praktyka \u015bcigania za hejt spicz. To nie trumpowska propaganda! To rzeczywisto\u015b\u0107 wy\u0142aniaj\u0105ca si\u0119 z dost\u0119pnych danych: <\/p>\n<div style=\"padding-left: 25px;\"> <strong> &#8211;<\/strong> w Niemczech ponad czterokrotnie wzros\u0142a liczba spraw o hejt spicz pomi\u0119dzy 2021 a 2024: <\/div>\n<p align=\"center\"><img decoding=\"async\" src=\"http:\/\/www.dobrowol.org\/drobiazgi\/wolnoscslowa127.jpg\" alt=\"\" width=\"700\" border=\"0\"><\/p>\n<p class=\"MsoNormal\" align=\"center\"><strong> \u0179r\u00f3d\u0142o: <\/strong> https:\/\/www.bka.de\/DE\/Presse\/Listenseite_Pressemitteilungen\/2025\/Presse2025\/250625_PM_StrafbareHasspostings.html <\/p>\n<div style=\"padding-left: 25px;\"> <strong> &#8211;<\/strong> w Wielkiej Brytanii rz\u0105d nie udost\u0119pnia danych, ale na podstawie dost\u0119p\u00f3w do informacji publicznej, wiemy, \u017ce dla 35 (z 43) jednostek terytorialnych policji w Anglii i Walii liczba aresztowanych za brzydkie s\u0142owa ponad podwoi\u0142a si\u0119 z poni\u017cej 6 tys. w 2017, do ponad 12 tys. w 2023 \u2013 tj. policja w Anglii aresztuje codziennie ponad 30 osoby za brzydkie wpisy w soc mediach!! <\/div>\n<p><break><\/p>\n<p align=\"center\"><img decoding=\"async\" src=\"http:\/\/www.dobrowol.org\/drobiazgi\/wolnoscslowa128.jpg\" alt=\"\" width=\"700\" border=\"0\"><\/p>\n<p class=\"MsoNormal\" align=\"center\"><strong> \u0179r\u00f3d\u0142o: <\/strong> https:\/\/lordslibrary.parliament.uk\/select-communications-offences-and-concerns-over-free-speech\/ <\/p>\n<p class=\"MsoNormal\" align=\"justify\">Dok\u0142adnie na liczbach trudno opisa\u0107 jak jest z wolno\u015bci\u0105 s\u0142owa w ca\u0142ej Europie. W wielu pa\u0144stwach UE wrzucaj\u0105 do jednego worka \u201eprzest\u0119pstwa\u201d typu napisa\u0142 w socmediach i pobi\u0142. W innych daj\u0105 tylko dane o sprawach skierowanych do s\u0105du czy skazaniach, a nie daj\u0105 danych o aresztowaniach. Prawdopodobnie dlatego, \u017ce wraz ze wzrostem aresztowa\u0144 za brzydkie s\u0142owa mocno spad\u0142 wska\u017anik skaza\u0144 do aresztowa\u0144. <\/p>\n<p class=\"MsoNormal\" align=\"justify\">Ursula von der Leyen kandyduj\u0105c na szefow\u0105 UE zapowiedzia\u0142a, \u017ce unijne w\u0142adze b\u0119d\u0105 ustala\u0107 co prawdzie, a nieprawdzie (ich zdaniem) informacje w internecie cenzurowa\u0107: <\/p>\n<p align=\"center\"><img decoding=\"async\" src=\"http:\/\/www.dobrowol.org\/drobiazgi\/wolnoscslowa129.jpg\" alt=\"\" width=\"700\" border=\"0\"><\/p>\n<p class=\"MsoNormal\" align=\"justify\">U nas jest p\u00f3ki co zno\u015bnie. Co prawda w dwie dekady mamy gigantyczny procentowy wzrost skaza\u0144 za pom\u00f3wienie &#038; znies\u0142awienie. Skazania za brzydkie s\u0142owa wzros\u0142y ponad siedmiokrotnie!! Na szcz\u0119\u015bcie ca\u0142y czas skazuje si\u0119 u nas corocznie zaledwie oko\u0142o 300 os\u00f3b i wi\u0119kszo\u015bci to s\u0105 skazania na grzywny, a nie wi\u0119zienie. <\/p>\n<p align=\"center\"><img decoding=\"async\" src=\"http:\/\/www.dobrowol.org\/drobiazgi\/wolnoscslowa130.jpg\" alt=\"\" width=\"700\" border=\"0\"><\/p>\n<p class=\"MsoNormal\" align=\"center\"><strong> \u0179r\u00f3d\u0142o: <\/strong>  zebra\u0142em z r\u00f3\u017cnych publikacji Ministerstwa Sprawiedliwo\u015bci<\/p>\n<p class=\"MsoNormal\" align=\"justify\">Ale zar\u00f3wno lewica jak i prawica przebieraj\u0105 n\u00f3\u017ckami, by bardziej kara\u0107 za brzydkie s\u0142owa. Nie dajmy si\u0119 zamordystom brukselskim i rodzimym! Gdy zabraknie wolno\u015bci s\u0142owa znikn\u0105 pozosta\u0142e wolno\u015bci. Zacznijmy od drobnych krok\u00f3w, typu uchylmy art. 212 k.k.; tj. \u015bciganie karne za znies\u0142awienie, jak si\u0119 kto\u015b czuje znies\u0142awiony niech idzie do s\u0105du za\u0142o\u017cy\u0107 sprawe cywiln\u0105, zamiast wys\u0142ugiwa\u0107 si\u0119 kodeksem karnym.  Potem uchylmy pozosta\u0142e ograniczenia, kt\u00f3re zapaskudzaj\u0105 nasze kodeks karny i wykrocze\u0144. <\/p>\n<p class=\"MsoNormal\" align=\"justify\">Docelowo potrzebujemy przeformu\u0142owa\u0107 ochron\u0119 wolno\u015bci s\u0142owa w konstytucji z prawa pozytywnego, czego\u015b co nam jaka\u015b w\u0142adza kiedy\u015b ma zapewni\u0107, na zapis powstrzymuj\u0105cy w\u0142adze przez ograniczaniem naszej wolno\u015bci: zamiast \u201ezapewnia si\u0119 wolno\u015b\u0107 wyra\u017cania\u201d potrzebujemy \u201eSejm nie b\u0119dzie uchwala\u0142 ustaw ograniczaj\u0105cych wolno\u015b\u0107 wypowiedzi\u201d! <\/p>\n","protected":false},"excerpt":{"rendered":"<p>Zmniejsza si\u0119 wolno\u015b\u0107 s\u0142owa na zachodzie Europy. U nas p\u00f3ki co jest lepiej. Ale b\u0119dzie gorzej. Z unijnego przymusu w 2026 wprowadzimy cenzur\u0119 w internecie. Nasi zamordy\u015bci te\u017c chc\u0105 wi\u0119cej cenzury: lewica \u015bcigania za zniewa\u017canie mniejszo\u015bci, a prawica za zniewa\u017canie polsko\u015bci. Prokuratura szykuje specgrupy do zwalczania hejt spicz. By obroni\u0107 si\u0119 przez zamordystami brukselskimi i [&hellip;]<\/p>\n","protected":false},"author":2,"featured_media":0,"comment_status":"open","ping_status":"open","sticky":false,"template":"","format":"standard","meta":{"footnotes":""},"categories":[7],"tags":[],"class_list":{"0":"post-3061","1":"post","2":"type-post","3":"status-publish","4":"format-standard","6":"category-wolnosc-slowa"},"_links":{"self":[{"href":"https:\/\/dobrowol.org\/blog\/wp-json\/wp\/v2\/posts\/3061","targetHints":{"allow":["GET"]}}],"collection":[{"href":"https:\/\/dobrowol.org\/blog\/wp-json\/wp\/v2\/posts"}],"about":[{"href":"https:\/\/dobrowol.org\/blog\/wp-json\/wp\/v2\/types\/post"}],"author":[{"embeddable":true,"href":"https:\/\/dobrowol.org\/blog\/wp-json\/wp\/v2\/users\/2"}],"replies":[{"embeddable":true,"href":"https:\/\/dobrowol.org\/blog\/wp-json\/wp\/v2\/comments?post=3061"}],"version-history":[{"count":3,"href":"https:\/\/dobrowol.org\/blog\/wp-json\/wp\/v2\/posts\/3061\/revisions"}],"predecessor-version":[{"id":3066,"href":"https:\/\/dobrowol.org\/blog\/wp-json\/wp\/v2\/posts\/3061\/revisions\/3066"}],"wp:attachment":[{"href":"https:\/\/dobrowol.org\/blog\/wp-json\/wp\/v2\/media?parent=3061"}],"wp:term":[{"taxonomy":"category","embeddable":true,"href":"https:\/\/dobrowol.org\/blog\/wp-json\/wp\/v2\/categories?post=3061"},{"taxonomy":"post_tag","embeddable":true,"href":"https:\/\/dobrowol.org\/blog\/wp-json\/wp\/v2\/tags?post=3061"}],"curies":[{"name":"wp","href":"https:\/\/api.w.org\/{rel}","templated":true}]}}