{"id":2899,"date":"2024-11-12T03:24:21","date_gmt":"2024-11-12T03:24:21","guid":{"rendered":"https:\/\/dobrowol.org\/blog\/?p=2899"},"modified":"2024-11-12T03:24:22","modified_gmt":"2024-11-12T03:24:22","slug":"gonienie-bogatych-w-epoce-przebiegunowania-ideologii-gospodarczych","status":"publish","type":"post","link":"https:\/\/dobrowol.org\/blog\/2024\/11\/12\/gonienie-bogatych-w-epoce-przebiegunowania-ideologii-gospodarczych\/","title":{"rendered":"Gonienie bogatych w epoce przebiegunowania ideologii gospodarczych"},"content":{"rendered":"<p class=\"MsoNormal\" align=\"justify\"><span id=\"more\"> Trump na stanowisku prezydenta przyspieszy procesy, kt\u00f3re dojrzewa\u0142y od dekad. Wraz ze wzrostem znaczenia Chin w globalnej wymianie towarowej rdze\u0144 gospodarczy \u015bwiata zmienia ideologi\u0119 i polityk\u0119 gospodarcz\u0105 z wolnorynkowej w kierunku merkantylistycznej. <\/span><\/p>\n<p class=\"MsoNormal\" align=\"justify\"> Nic nowego. Od wiek\u00f3w, gdy aktualny hegemon czuje si\u0119 zagro\u017cony usi\u0142uje ograniczy\u0107 wolno\u015b\u0107 handlu. Aktualny hegemon gdy jest mocny g\u0142osi polityk\u0119 wolnego handlu i je\u015bli trzeba przymusza peryferia do handlu. P\u00f3\u0142peryferia usi\u0142uj\u0105 si\u0119 zazwyczaj organizowa\u0107 do \u0142\u0105czenia jakiej\u015b formy konfrontacji i wsp\u00f3\u0142pracy z hegemonem. A peryferia s\u0105 wewn\u0119trznie zatomizowane i w stanie konfliktu grup, kt\u00f3re sprzeczaj\u0105 si\u0119 o spos\u00f3b odniesienia do hegemona. <\/p>\n<p align=\"center\"><img decoding=\"async\" src=\"http:\/\/www.dobrowol.org\/drobiazgi\/goniccywilizacyjnyrdzen_0014.jpg\" alt=\"\" width=\"700\" border=\"0\"><\/p>\n<p class=\"MsoNormal\" align=\"center\"><strong> \u0179r\u00f3d\u0142o: <\/strong> Colin Flint, Peter J. Taylor, Political Geography. World-Economy, Nation-State and Locality. Seventh edition, 2018<\/p>\n<p class=\"MsoNormal\" align=\"justify\"> Obecna antyrynkowa ideologia rdzenia globalnej gospodarki zagra\u017ca rozwojowi naszego polskiego p\u00f3\u0142peryferium. Gospodarczy sukces Polski ostatnich trzech dekadach opiera si\u0119 na globalizacji. Zmian\u0119 wida\u0107 nie tylko w bie\u017c\u0105cych sloganach wyborczych i wypowiedziach polityk\u00f3w, ale od co najmniej dekady m.in. w literaturze ekonomicznej. <\/p>\n<p class=\"MsoNormal\" align=\"justify\"> Gdy zajrze\u0107 do bazy publikacji ekonomicznych Econlit w wersji dost\u0119pnej cz\u0142onkom American Economic Association to od dekady spada liczba artyku\u0142\u00f3w naukowych ze s\u0142owami \u201efree trade\u201d: <\/p>\n<p align=\"center\"><img decoding=\"async\" src=\"http:\/\/www.dobrowol.org\/drobiazgi\/goniccywilizacyjnyrdzen_0015.jpg\" alt=\"\" width=\"700\" border=\"0\"><\/p>\n<p class=\"MsoNormal\" align=\"justify\"> Zmiana ideologiczna staje si\u0119 znacznie bardziej dramatyczna, gdy doprecyzujemy wyszukiwanie z \u201ewolny handel\u201d na has\u0142a \u201ekorzy\u015bci z wolnego handlu\u201d (zielone s\u0142upki poni\u017cej) oraz \u201ekoszty wolnego handlu\u201d (czerwone s\u0142upki poni\u017cej): <\/p>\n<p align=\"center\"><img decoding=\"async\" src=\"http:\/\/www.dobrowol.org\/drobiazgi\/goniccywilizacyjnyrdzen_0016.jpg\" alt=\"\" width=\"700\" border=\"0\"><\/p>\n<p class=\"MsoNormal\" align=\"justify\"> Wyszukiwania na inne has\u0142a klucze daj\u0105 podobne rezultaty. O globalizacji w akademickich publikatorach pisze si\u0119 coraz mniej i w przewa\u017caj\u0105cej mierze podkre\u015blaj\u0105c jej koszty (czerwone s\u0142upki poni\u017cej) a nie korzy\u015bci (zielone s\u0142upki): <\/p>\n<p align=\"center\"><img decoding=\"async\" src=\"http:\/\/www.dobrowol.org\/drobiazgi\/goniccywilizacyjnyrdzen_0017.jpg\" alt=\"\" width=\"700\" border=\"0\"><\/p>\n<p class=\"MsoNormal\" align=\"justify\"> Nie jest to tylko specyfika literatury o handlu mi\u0119dzynarodowym. S\u0142owa klucze obrazuj\u0105ce inne aspekty polityki gospodarczej wskazuj\u0105 np. rosn\u0105c\u0105 przewag\u0119 liczebn\u0105 tekst\u00f3w o polityce przemys\u0142owej w relacji do tekst\u00f3w o wolnym rynku: <\/p>\n<p align=\"center\"><img decoding=\"async\" src=\"http:\/\/www.dobrowol.org\/drobiazgi\/goniccywilizacyjnyrdzen_0018.jpg\" alt=\"\" width=\"700\" border=\"0\"><\/p>\n<p class=\"MsoNormal\" align=\"justify\"> Gdy zejdzie si\u0119 z wyszukiwania hase\u0142 w zbiorach literatury na poziom pojedynczych tekst\u00f3w ekonomicznych to znajduje si\u0119 takie kwiatki, jak powa\u017cnych zachodnich ekonomist\u00f3w pisz\u0105cych, \u017ce ni\u017csze p\u0142ace (absolutnie ni\u017csze!) oznaczaj\u0105 konkurowanie ni\u017cszymi standardami spo\u0142ecznymi! Szkolny b\u0142\u0105d!! Pomijaj\u0105, \u017ce za te ni\u017csze p\u0142ace mo\u017cna u nas wi\u0119cej kupi\u0107. Ale na tym poziomie wiedzy to nie szkolne b\u0142\u0119dy, a celowe przeinaczenia. <\/p>\n<p class=\"MsoNormal\" align=\"justify\"> Przebiegunowanie z wolnego handlu w kierunku merkantylizmu to nie jest jedynie pisanina jajog\u0142owych ale r\u00f3wnie\u017c konkretne dzia\u0142ania gospodarcze na forum UE oraz konkretne mi\u0119dzynarodowych decyzje bank\u00f3w. <\/p>\n<p class=\"MsoNormal\" align=\"justify\"> W UE w 2006 Francja z Niemcami wykastrowa\u0142a projekt dyrektywy Bolksteina, kt\u00f3ra mia\u0142a wprowadzi\u0107 w UE wolno\u015b\u0107 przep\u0142ywu us\u0142ug analogiczn\u0105 do wolno\u015bci przep\u0142ywu towar\u00f3w, kapita\u0142\u00f3w i ludzi. Od tego czasu rdze\u0144 UE proponuje nam coraz bardziej nier\u00f3wn\u0105 wymian\u0119 handlow\u0105.  My mamy importowa\u0107 ich volkswageny i renaulty, a nasi kierowcy, budowla\u0144cy i inni us\u0142ugodawcy s\u0105 wypychani regulacjami z ich rynk\u00f3w us\u0142ug.  <\/p>\n<p class=\"MsoNormal\" align=\"justify\"> W\u0142a\u015bnie gdy zacz\u0119li\u015bmy mie\u0107 z rdzeniem UE nadwy\u017cki w handlu us\u0142ugami uruchomili zapomniane od lat 1980ych has\u0142o dumpingu socjalnego. W latach 1980ych \u201edumping socjalny\u201d oznacza\u0142 przenoszenie pracoch\u0142onnej produkcji do ta\u0144szych pa\u0144stw po\u0142udnia UE: Grecji, Portugalii i Hiszpanii. <\/p>\n<p align=\"center\"><img decoding=\"async\" src=\"http:\/\/www.dobrowol.org\/drobiazgi\/goniccywilizacyjnyrdzen_0019.jpg\" alt=\"\" width=\"700\" border=\"0\"><\/p>\n<p class=\"MsoNormal\" align=\"center\"><strong> \u0179r\u00f3d\u0142o: <\/strong> Marc H. Klein (1991) The Single European Act and Social Dumping: A New Appeal for Multinational Collective Bargaining\n<\/p>\n<p class=\"MsoNormal\" align=\"justify\"> Dzi\u015b slogan \u201cdumping socjalny\u201d s\u0142u\u017cy za dyskursywna maczug\u0119, kt\u00f3ra uzasadnia sprzeczne z traktatem UE ograniczanie wolnego przep\u0142yw us\u0142ug!! <\/p>\n<p class=\"MsoNormal\" align=\"justify\"> Podczas globalnego kryzysu 2007-09 zagraniczni w\u0142a\u015bciciele bank\u00f3w w Polsce nakazali mi\u0119dzynarodowym grupom bankowym ograniczenie kredytowania poza krajami matkami oraz pr\u00f3bowali transferowa\u0107 kapita\u0142y bank\u00f3w do swoich central.  W Polsce w\u00f3wczas akcj\u0119 kredytow\u0105 na du\u017c\u0105 skal\u0119 rozwija\u0142 jedynie pa\u0144stwowy PKO BP. A nadz\u00f3r bankowy wydawa\u0142 kolejne decyzje blokuj\u0105ce wysysanie kapita\u0142u z bank\u00f3w w Polsce do ich w\u0142a\u015bcicieli za granic\u0105. <\/p>\n<p class=\"MsoNormal\" align=\"justify\"> Banki pod rodzimym politycznym nadzorem to niebezpieczne narz\u0119dzie, ale by\u0107 mo\u017ce konieczne w biednym p\u00f3\u0142peryferium jakim jeste\u015bmy. Wspomniany PKO BP utrzymanie akcji kredytowej podczas kryzysu 2007-09 przyp\u0142aci\u0142 wzrostem zagro\u017conych kredyt\u00f3w.  Uratowa\u0142o to jak\u0105\u015b liczb\u0119 rodzimych firm. I tym razem w ostatecznym rachunku nie zagrozi\u0142o wyp\u0142acalno\u015bci banku. Ale jest to rozwi\u0105zanie typu sk\u0142adzik spirytusu w domu alkoholika, mo\u017ce przyda\u0107 si\u0119 do dezynfekcji ran, ale mo\u017ce te\u017c doprowadzi\u0107 do zgonu tego, kt\u00f3rego mia\u0142a chroni\u0107. <\/p>\n<p class=\"MsoNormal\" align=\"justify\"> W 2024 w UK na wie\u015b\u0107 o tym, \u017ce ameryka\u0144ski fundusz wsparty przez pieni\u0105dze arabskie chce kupi\u0107 gazet\u0119 przeg\u0142osowali w parlamencie obowi\u0105zuj\u0105cy retroaktywnie(!) zakaz nabywania wydawc\u00f3w prasy drukowanej przez osoby powi\u0105zane z zagranicznymi w\u0142adzami. W USA prawo uniemo\u017cliwiaj\u0105ce zakup medi\u00f3w przez zagraniczne podmioty od dawna obowi\u0105zuje \u2013 a w\u0142adze ameryka\u0144skie teraz rozwa\u017caj\u0105 \u017c\u0105danie sprzeda\u017cy chi\u0144skich socmedi\u00f3w do zachodnich w\u0142a\u015bcicieli pod gro\u017ab\u0105 zakazania ich dzia\u0142alno\u015bci w USA. <\/p>\n<p class=\"MsoNormal\" align=\"justify\"> Pa\u0144stwa rdzenia \u015bwiatowej gospodarki coraz nachalniej promuj\u0105 kr\u00f3tkoterminowy interes gospodarczy wybranych przedsi\u0119biorc\u00f3w ze swoich kraj\u00f3w.  A wypychanie naszych us\u0142ugodawc\u00f3w z unijnych rynk\u00f3w zazwyczaj jest robione tak, by podzieli\u0107 nasze grupy interes\u00f3w przeciw sobie. Na przyk\u0142ad ograniczenia w przewozach ci\u0119\u017car\u00f3wkami s\u0105 konstruowane tak, \u017ce najbardziej dolegliwe s\u0105 dla mniejszych przedsi\u0119biorc\u00f3w.  Polski w\u0142a\u015bciciel kilkuset ci\u0119\u017car\u00f3wek b\u0119dzie mniej dotkni\u0119ty unijnymi szykanami ni\u017c w\u0142a\u015bciciel kilku ci\u0119\u017car\u00f3wek.  Znajdzie lokalnego partnera i sta\u0107 go, by postawi\u0107 firmy udaj\u0105ce francuskie czy niemieckie.  Przy sprzyjaj\u0105cych okoliczno\u015bciach francuskie i niemieckie ograniczenia wypchn\u0105 z rynku jego mniejszych polskich konkurent\u00f3w. <\/p>\n<p class=\"MsoNormal\" align=\"justify\"> Wielkomiejski ekonomista powie (to nie wymys\u0142 od kilku to s\u0142ysza\u0142em): mo\u017ce to dobrze, \u017ce ma\u0142e firmy transportowe s\u0105 wypychane, bo oferowa\u0142y miejsca pracy o strasznej jako\u015bci pracy. Zapomni, nie zauwa\u017cy i nie wspomni ten ekonomista, \u017ce te fajne, wysoce p\u0142atne miejsca pracy w klimatyzowanym biurowcu w Warszawie nie s\u0105 ka\u017cdemu Polakowi dost\u0119pne. <\/p>\n<p class=\"MsoNormal\" align=\"justify\"> Upominaj\u0105cym si\u0119 o interesy narodowe p\u00f3\u0142peryferium grozi dyscyplinowanie z poziomu hase\u0142 uniwersalistycznych, kt\u00f3re mobilizuj\u0105 i cementuj\u0105 koalicj\u0119 grup interes\u00f3w z pa\u0144stw rdzenia oraz jurgieltnik\u00f3w i po\u017cytecznych idiot\u00f3w z p\u00f3\u0142peryferium. Krzycz\u0105 dumping socjalny, a na my\u015bli maj\u0105 ochron\u0119 przedsi\u0119biorc\u00f3w francuskich i niemieckich. <\/p>\n<p class=\"MsoNormal\" align=\"justify\"> W takiej sytuacji nale\u017cy d\u0105\u017cy\u0107 do wybi\u00f3rczej konfrontacji z rdzeniem. W naszym wypadku ze shegemonizowan\u0105 unijn\u0105 cz\u0119\u015bci\u0105 rdzenia pod uniwersalistycznymi has\u0142ami. Trzeba by\u0107 jak Piastowie przyjmuj\u0105cy chrze\u015bcija\u0144stwo i wchodz\u0105cy w podporz\u0105dkowan\u0105 wsp\u00f3\u0142praco-konfrontacj\u0119 z rdzeniem. A nie jak ludy ba\u0142tyjskie i S\u0142owianie po\u0142abscy, kt\u00f3rzy w obliczu ekspansji zachodniego chrze\u015bcija\u0144stwa d\u0105\u017cyli do utrzymania maksimum w\u0142adzy w ramach przedchrze\u015bcija\u0144skich struktur. <\/p>\n","protected":false},"excerpt":{"rendered":"<p>Trump na stanowisku prezydenta przyspieszy procesy, kt\u00f3re dojrzewa\u0142y od dekad. Wraz ze wzrostem znaczenia Chin w globalnej wymianie towarowej rdze\u0144 gospodarczy \u015bwiata zmienia ideologi\u0119 i polityk\u0119 gospodarcz\u0105 z wolnorynkowej w kierunku merkantylistycznej. Nic nowego. Od wiek\u00f3w, gdy aktualny hegemon czuje si\u0119 zagro\u017cony usi\u0142uje ograniczy\u0107 wolno\u015b\u0107 handlu. Aktualny hegemon gdy jest mocny g\u0142osi polityk\u0119 wolnego handlu [&hellip;]<\/p>\n","protected":false},"author":2,"featured_media":0,"comment_status":"open","ping_status":"open","sticky":false,"template":"","format":"standard","meta":{"footnotes":""},"categories":[4,12,15],"tags":[],"class_list":{"0":"post-2899","1":"post","2":"type-post","3":"status-publish","4":"format-standard","6":"category-ekonomia-polityczna","7":"category-europa-ale-jaka","8":"category-gonic-cywilizacyjny-rdzen"},"_links":{"self":[{"href":"https:\/\/dobrowol.org\/blog\/wp-json\/wp\/v2\/posts\/2899","targetHints":{"allow":["GET"]}}],"collection":[{"href":"https:\/\/dobrowol.org\/blog\/wp-json\/wp\/v2\/posts"}],"about":[{"href":"https:\/\/dobrowol.org\/blog\/wp-json\/wp\/v2\/types\/post"}],"author":[{"embeddable":true,"href":"https:\/\/dobrowol.org\/blog\/wp-json\/wp\/v2\/users\/2"}],"replies":[{"embeddable":true,"href":"https:\/\/dobrowol.org\/blog\/wp-json\/wp\/v2\/comments?post=2899"}],"version-history":[{"count":1,"href":"https:\/\/dobrowol.org\/blog\/wp-json\/wp\/v2\/posts\/2899\/revisions"}],"predecessor-version":[{"id":2900,"href":"https:\/\/dobrowol.org\/blog\/wp-json\/wp\/v2\/posts\/2899\/revisions\/2900"}],"wp:attachment":[{"href":"https:\/\/dobrowol.org\/blog\/wp-json\/wp\/v2\/media?parent=2899"}],"wp:term":[{"taxonomy":"category","embeddable":true,"href":"https:\/\/dobrowol.org\/blog\/wp-json\/wp\/v2\/categories?post=2899"},{"taxonomy":"post_tag","embeddable":true,"href":"https:\/\/dobrowol.org\/blog\/wp-json\/wp\/v2\/tags?post=2899"}],"curies":[{"name":"wp","href":"https:\/\/api.w.org\/{rel}","templated":true}]}}