{"id":2544,"date":"2021-12-09T21:21:07","date_gmt":"2021-12-09T21:21:07","guid":{"rendered":"http:\/\/dobrowol.org\/blog\/?p=2544"},"modified":"2023-11-11T14:59:53","modified_gmt":"2023-11-11T14:59:53","slug":"imigracja-za-malo-ale-i-tak-duzo","status":"publish","type":"post","link":"https:\/\/dobrowol.org\/blog\/2021\/12\/09\/imigracja-za-malo-ale-i-tak-duzo\/","title":{"rendered":"Imigracja. Za ma\u0142o. Ale i tak du\u017co."},"content":{"rendered":"<p class=\"MsoNormal\" align=\"justify\"> Powoli. Za wolno. Ale i tak szybciej ni\u017c za wszystkich poprzednich rz\u0105d\u00f3w. I szybciej ni\u017c w ca\u0142ej reszcie UE. Przyjmujemy migrant\u00f3w.  Nie g\u0142osimy idealistycznych hase\u0142. Nie m\u00f3wimy innym, \u017ce maj\u0105 obowi\u0105zek mi\u0142osierdzia.  Zwi\u0119kszamy liczb\u0119 mieszka\u0144c\u00f3w Polski mieszkaj\u0105cymi z nami migrantami. B\u0119dzie jeszcze lepiej w Sejmie w\u0142a\u015bnie procedowane jest kolejne potrzebne i po\u017cyteczne udogodnienie dla imigrant\u00f3w.<\/p>\n<p><!--more--><\/p>\n<p class=\"MsoNormal\" align=\"justify\"> Polacy (czerwona linia na poni\u017cszym wykresie) w nieco ponad p\u00f3\u0142 dekady stali si\u0119 w UE spo\u0142ecze\u0144stwem wydaj\u0105cym najwi\u0119cej pozwole\u0144 na pobyt dla os\u00f3b z poza UE:<\/p>\n<p align=\"center\"><img decoding=\"async\" src=\"http:\/\/www.dobrowol.org\/drobiazgi\/migracje031.jpg\" alt=\"\" width=\"700\" border=\"0\"><\/p>\n<p class=\"MsoNormal\" align=\"center\"><strong> \u0179r\u00f3d\u0142o: <\/strong> Eurostat, [migr_resfirst]<\/p>\n<p class=\"MsoNormal\" align=\"justify\"> W tym czasie odnotowali\u015bmy najwy\u017cszy w UE przyrost pozwole\u0144 na pobyt os\u00f3b z poza UE!  Liczba wydawanych przez Polsk\u0119 pozwole\u0144 wzros\u0142a z 40 tys. w 2008, do 598 tys. w 2020. To ponad 14-krotny wzrost!  Wydajemy ich dwa razy wi\u0119cej ni\u017c Niemcy. Ten wzrost jest jeszcze wi\u0119kszy je\u015bli we\u017amie si\u0119 pod uwag\u0119, \u017ce Polacy to zaledwie \u015bredniej liczebno\u015bci europejskie spo\u0142ecze\u0144stwo:<\/p>\n<p align=\"center\"><img decoding=\"async\" src=\"http:\/\/www.dobrowol.org\/drobiazgi\/migracje030.jpg\" alt=\"\" width=\"700\" border=\"0\"><\/p>\n<p class=\"MsoNormal\" align=\"center\"><strong> \u0179r\u00f3d\u0142o: <\/strong> Eurostat, [migr_resfirst], [tps00001]<\/p>\n<p class=\"MsoNormal\" align=\"justify\"> Po uwzgl\u0119dnieniu liczby obywateli wydajemy cztery razy wi\u0119cej pozwole\u0144 na pobyt ni\u017c Niemcy!<\/p>\n<p class=\"MsoNormal\" align=\"justify\"> Co wa\u017cniejsze wydaje si\u0119, \u017ce cudzoziemcy coraz lepiej zapuszczaj\u0105 korzenie w Polsce. Wi\u0105zanie d\u0142u\u017cszych plan\u00f3w z nowym pa\u0144stwem zamieszkania nie\u0142atwo opisa\u0107 bie\u017c\u0105cymi danymi. Ale te dane, kt\u00f3re mamy jak na przyk\u0142ad liczba cudzoziemc\u00f3w rejestruj\u0105cych swoj\u0105 prac\u0119 w ZUS sugeruje, \u017ce mo\u017ce cudzoziemcy coraz lepiej aklimatyzuj\u0105 si\u0119 w Polsce:<\/p>\n<p align=\"center\"><img decoding=\"async\" src=\"http:\/\/www.dobrowol.org\/drobiazgi\/migracje032.jpg\" alt=\"\" width=\"700\" border=\"0\"><\/p>\n<p class=\"MsoNormal\" align=\"center\"><strong> \u0179r\u00f3d\u0142o: <\/strong> ZUS, Portal Statystyczny ZUS<\/p>\n<p class=\"MsoNormal\" align=\"justify\"> R\u00f3wnie\u017c dost\u0119pne dane n\/t o\u015bwiadcze\u0144 o powierzeniu pracy cudzoziemcom oraz zezwole\u0144 na prac\u0119 sezonow\u0105 sugeruj\u0105, \u017ce cudzoziemcy s\u0105 coraz istotniejszym sk\u0142adnikiem naszego rynku pracy i szerzej spo\u0142ecze\u0144stwa:<\/p>\n<p align=\"center\"><img decoding=\"async\" src=\"http:\/\/www.dobrowol.org\/drobiazgi\/migracje033.jpg\" alt=\"\" width=\"700\" border=\"0\"><\/p>\n<p class=\"MsoNormal\" align=\"center\"><strong> \u0179r\u00f3d\u0142o: <\/strong> Ministerstwo, niegdy\u015b zwane ministerstwem pracy, Wortal Publicznych S\u0142u\u017c Zatrudnienia<\/p>\n<p class=\"MsoNormal\" align=\"justify\"> Jak wida\u0107 na dw\u00f3ch ostatnich wykresach w po\u0142owie 2020 spad\u0142a liczba cudzoziemc\u00f3w zarejestrowanych w ZUS oraz pracuj\u0105cych w Polsce na podstawie tymczasowych zezwole\u0144. Mogli\u015bmy si\u0119 obawia\u0107, \u017ce wobec starzenia si\u0119 spo\u0142ecze\u0144stw ukrai\u0144skiego i bia\u0142oruskiego oraz wobec poprawy sytuacji gospodarki Ukrainy zacz\u0105\u0142 si\u0119 oczekiwany koniec migracji do Polski. Na szcz\u0119\u015bcie dla nas jak tylko min\u0119\u0142y pierwsze fale covid liczba cudzoziemc\u00f3w pracuj\u0105cych w Polsce skoczy\u0142a do rekordowych poziom\u00f3w.  Ufff! Na razie jeszcze migracja do Polski si\u0119 nie sko\u0144czy\u0142a.<\/p>\n<p class=\"MsoNormal\" align=\"justify\"> Ale problem poda\u017cy pracy w Polsce pozostaje. Od p\u00f3\u0142torej dekady spada nam udzia\u0142 ludno\u015bci w wieku produkcyjnym w ludno\u015bci og\u00f3\u0142em. A w najbli\u017cszych latach roczniki osi\u0105gaj\u0105ce wiek emerytalny b\u0119d\u0105 wi\u0119ksze od rocznik\u00f3w wchodz\u0105cych na rynek pracy.<\/p>\n<p class=\"MsoNormal\" align=\"justify\"> Zamiast mo\u017cliwie przyci\u0105ga\u0107 imigrant\u00f3w utrudniali\u015bmy im osiedlanie si\u0119. Stosowali\u015bmy i stosujemy do tej pory w Polsce model imigracji nazywany cyrkulacyjnym. Wpuszczamy cudzoziemc\u00f3w z Ukrainy, Bia\u0142orusi, Rosji i kilku innych pa\u0144stw do pracy tymczasowej na 6 miesi\u0119cy. Po tych 6 miesi\u0105cach: koniec pracy, wyjazd z Polski na co najmniej 6 miesi\u0119cy! Tym sposobem pozbawiali\u015bmy ich powod\u00f3w by inwestowali w umiej\u0119tno\u015bci potrzebne ich pracodawcom oraz umiej\u0119tno\u015bci potrzebne im do \u017cycia w Polsce, bo za chwil\u0119 i tak przymusowo ko\u0144cz\u0105 prac\u0119.  Powielamy b\u0142\u0119dy Europy Zachodniej, kt\u00f3ra imigrant\u00f3w traktowa\u0142a jako chwilowych gastarbaiter\u00f3w.<\/p>\n<p class=\"MsoNormal\" align=\"justify\"> Co gorsza w odr\u00f3\u017cnieniu od dzisiejszego Zachodu bardzo ma\u0142ej liczbie imigrant\u00f3w nadajemy obywatelstwo. W roku 2019 ostatnim za kt\u00f3ry mamy dane w Polsce wed\u0142ug Eurostat nadano obywatelstwo 6 tys. osobom. W tym samym czasie w Niemczech obywatelstwo nadano 131 tys. osobom:<\/p>\n<p align=\"center\"><img decoding=\"async\" src=\"http:\/\/www.dobrowol.org\/drobiazgi\/migracje034.jpg\" alt=\"\" width=\"700\" border=\"0\"><\/p>\n<p class=\"MsoNormal\" align=\"center\"><strong> \u0179r\u00f3d\u0142o: <\/strong> Eurostat, [TPS00024]<\/p>\n<p class=\"MsoNormal\" align=\"justify\"> Po uwzgl\u0119dnieniu liczby dotychczasowych mieszka\u0144c\u00f3w nadajemy relatywnie jeszcze mniej obywatelstw na tle Europy:<\/p>\n<p align=\"center\"><img decoding=\"async\" src=\"http:\/\/www.dobrowol.org\/drobiazgi\/migracje035.jpg\" alt=\"\" width=\"700\" border=\"0\"><\/p>\n<p class=\"MsoNormal\" align=\"center\"><strong> \u0179r\u00f3d\u0142o: <\/strong> Eurostat, [TPS00024], [tps00001]<\/p>\n<p class=\"MsoNormal\" align=\"justify\"> To i tak poprawa. Ta niska liczba w 2019 to ogromny skok w stosunku do liczby uprzednio nadawanych w Polsce obywatelstw:<\/p>\n<p align=\"center\"><img decoding=\"async\" src=\"http:\/\/www.dobrowol.org\/drobiazgi\/migracje036.jpg\" alt=\"\" width=\"700\" border=\"0\"><\/p>\n<p class=\"MsoNormal\" align=\"center\"><strong> \u0179r\u00f3d\u0142o: <\/strong> Eurostat, [TPS00024]<\/p>\n<p class=\"MsoNormal\" align=\"justify\"> Szkoda, \u017ce tak niewielu imigrant\u00f3w dostaje szans\u0119 sta\u0107 si\u0119 Polakiem. Spo\u0142ecze\u0144stwa z imigracj\u0105 s\u0105 wi\u0119ksze i bardziej tw\u00f3rcze. Polska si\u0119 kurczy. Bez imigrant\u00f3w b\u0119dzie nas coraz mniej. Coraz mnie pracuj\u0105cych, coraz mniej podatnik\u00f3w, kt\u00f3rzy sfinansuj\u0105 emerytury, coraz mniej biznesmen\u00f3w i naukowc\u00f3w z nowymi pomys\u0142ami oraz coraz mniej \u017co\u0142nierzy.<\/p>\n<p class=\"MsoNormal\" align=\"justify\"> Na szcz\u0119\u015bcie drobnym ale po\u017cytecznym krokiem, kt\u00f3ry w\u0142a\u015bnie si\u0119 dzieje b\u0119dzie u\u0142atwienie w przyje\u017adzie do Polski na prac\u0119 tymczasow\u0105 i nadania tej pracy charakteru bardziej trwa\u0142ego. Obecnie w Sejmie procedowana jest ustawa (Druk numer 1681) wyd\u0142u\u017caj\u0105ca do 24 miesi\u0119cy mo\u017cliwo\u015bci powierzenia pracy cudzoziemcowi oraz likwiduj\u0105ca 12-miesi\u0119czny okres rozliczeniowy, co umo\u017cliwi powierzanie cudzoziemcowi pracy bez przerwy na podstawie kolejnych o\u015bwiadcze\u0144.<\/p>\n<p class=\"MsoNormal\" align=\"justify\"> Ma\u0142o, p\u00f3\u017ano, ale we w\u0142a\u015bciwym kierunku. Gdyby\u015bmy jeszcze si\u0119 odwa\u017cyli w ko\u0144cu wdro\u017cy\u0107 prost\u0105 i szybk\u0105 \u015bcie\u017ck\u0119 do obywateltwa dla ludzi, kt\u00f3rzy pracowali u nas kilka lat, p\u0142acili podatki i nie wpadli w konflikt z prawem to zyskaliby\u015bmy istotne narz\u0119dzie rozwoju Polski.<\/p>\n","protected":false},"excerpt":{"rendered":"<p>Powoli. Za wolno. Ale i tak szybciej ni\u017c za wszystkich poprzednich rz\u0105d\u00f3w. I szybciej ni\u017c w ca\u0142ej reszcie UE. Przyjmujemy migrant\u00f3w. Nie g\u0142osimy idealistycznych hase\u0142. Nie m\u00f3wimy innym, \u017ce maj\u0105 obowi\u0105zek mi\u0142osierdzia. Zwi\u0119kszamy liczb\u0119 mieszka\u0144c\u00f3w Polski mieszkaj\u0105cymi z nami migrantami. B\u0119dzie jeszcze lepiej w Sejmie w\u0142a\u015bnie procedowane jest kolejne potrzebne i po\u017cyteczne udogodnienie dla imigrant\u00f3w.<\/p>\n","protected":false},"author":2,"featured_media":0,"comment_status":"open","ping_status":"open","sticky":false,"template":"","format":"standard","meta":{"_jetpack_memberships_contains_paid_content":false,"footnotes":""},"categories":[37],"tags":[],"class_list":{"0":"post-2544","1":"post","2":"type-post","3":"status-publish","4":"format-standard","6":"category-imigracja"},"jetpack_featured_media_url":"","jetpack_sharing_enabled":true,"_links":{"self":[{"href":"https:\/\/dobrowol.org\/blog\/wp-json\/wp\/v2\/posts\/2544","targetHints":{"allow":["GET"]}}],"collection":[{"href":"https:\/\/dobrowol.org\/blog\/wp-json\/wp\/v2\/posts"}],"about":[{"href":"https:\/\/dobrowol.org\/blog\/wp-json\/wp\/v2\/types\/post"}],"author":[{"embeddable":true,"href":"https:\/\/dobrowol.org\/blog\/wp-json\/wp\/v2\/users\/2"}],"replies":[{"embeddable":true,"href":"https:\/\/dobrowol.org\/blog\/wp-json\/wp\/v2\/comments?post=2544"}],"version-history":[{"count":5,"href":"https:\/\/dobrowol.org\/blog\/wp-json\/wp\/v2\/posts\/2544\/revisions"}],"predecessor-version":[{"id":2752,"href":"https:\/\/dobrowol.org\/blog\/wp-json\/wp\/v2\/posts\/2544\/revisions\/2752"}],"wp:attachment":[{"href":"https:\/\/dobrowol.org\/blog\/wp-json\/wp\/v2\/media?parent=2544"}],"wp:term":[{"taxonomy":"category","embeddable":true,"href":"https:\/\/dobrowol.org\/blog\/wp-json\/wp\/v2\/categories?post=2544"},{"taxonomy":"post_tag","embeddable":true,"href":"https:\/\/dobrowol.org\/blog\/wp-json\/wp\/v2\/tags?post=2544"}],"curies":[{"name":"wp","href":"https:\/\/api.w.org\/{rel}","templated":true}]}}