{"id":2519,"date":"2021-10-24T13:25:07","date_gmt":"2021-10-24T13:25:07","guid":{"rendered":"http:\/\/dobrowol.org\/blog\/?p=2519"},"modified":"2023-12-17T15:26:20","modified_gmt":"2023-12-17T15:26:20","slug":"chcecie-wiecej-europy-to-poprosimy-wiecej-demokracji","status":"publish","type":"post","link":"https:\/\/dobrowol.org\/blog\/2021\/10\/24\/chcecie-wiecej-europy-to-poprosimy-wiecej-demokracji\/","title":{"rendered":"Chcecie wi\u0119cej Europy?  To poprosimy wi\u0119cej demokracji!"},"content":{"rendered":"<p class=\"MsoNormal\" align=\"justify\">  Nie ma europejskiego ludu czy jak kto woli narodu. Kluczowe instytucje UE nie podlegaj\u0105 demokratycznej rozliczalno\u015bci.  Dop\u00f3ki nie powstanie lud europejski a instytucje UE nie b\u0119d\u0105 demokratycznie rozliczalne to w\u0142adza s\u0119dzi\u00f3w powinna podlega\u0107 tylko jurysdykcji narodowej.  W innym wypadku przewodzi\u0107 nad nami b\u0119dzie niewybieralna brukselska arystokracja.<\/p>\n<p><!--more--><\/p>\n<p class=\"MsoNormal\" align=\"justify\">  Arystokracja, kt\u00f3ra z czasem b\u0119dzie uzurpowa\u0107 coraz wi\u0119cej przywilej\u00f3w.  Tak jak uzurpuje wy\u017cszo\u015b\u0107 prawa UE nad prawem narodowym. Ta rzekoma wy\u017cszo\u015b\u0107 nie jest zapisana w traktach. Europejski Trybuna\u0142 Sprawiedliwo\u015bci sam sobie j\u0105 przyzna\u0142. Orzek\u0142 w sprawie Costa vs ENEL w 1964, \u017ce prawo Europejskich Wsp\u00f3lnot Gospodarczych dominuje nad prawem narodowym. Od tak po prostu bez podstawy w traktach. Uzurpacja ta funkcjonuje tylko dlatego, \u017ce od tamtej pory \u017cadne pa\u0144stwo otwarcie i bezpo\u015brednio jej nie kwestionowa\u0142o.<\/p>\n<p class=\"MsoNormal\" align=\"justify\">  Jedynie Niemcy ograniczyli zakres tej uzurpacji wobec siebie. Niemiecki trybuna\u0142 konstytucyjny w latach 1970ych w orzeczeniach znanych jako Solange I oraz Solange II orzek\u0142, \u017ce prawo UE jest nadrz\u0119dne dop\u00f3ki nie narusza fundamentalnych praw gwarantowanych prawem niemieckim.<\/p>\n<p class=\"MsoNormal\" align=\"justify\">  Na pocz\u0105tku XXI wieku pr\u00f3bowano wprowadzi\u0107 nadrz\u0119dno\u015b\u0107 prawa UE w konstytucji UE. Ale Francuzi odrzucili pomys\u0142 konstytucji UE w referendum z 2005.  Eurokraci w miejsce niedosz\u0142ej konstytucji przepchali Traktat Lizbo\u0144ski. Ale nawet tam w tek\u015bcie traktatu nie odwa\u017cyli si\u0119 umie\u015bci\u0107 nadrz\u0119dno\u015bci prawa UE nad narodowym.  Poprzestali na do\u0142\u0105czeniu do traktatu aneksu z sze\u015b\u0107dziesi\u0119cioma pi\u0119cioma deklaracjami w tym deklaracj\u0105 nr 17:<\/p>\n<p align=\"center\"><img decoding=\"async\" src=\"http:\/\/www.dobrowol.org\/drobiazgi\/judiciary97.jpg\" alt=\"\" width=\"450\" border=\"0\"><\/p>\n<p class=\"MsoNormal\" align=\"justify\">  Deklaracje do\u0142\u0105czone do traktat\u00f3w to spos\u00f3b na rozmyty kompromis. Gdy uk\u0142adaj\u0105ce si\u0119 pa\u0144stwa nie mog\u0105 si\u0119 zgodzi\u0107 na wi\u0105\u017c\u0105ce zmiany zasad deklaruj\u0105 fakty, co kt\u00f3rych si\u0119 zgadzaj\u0105 lub dzia\u0142ania, kt\u00f3re w przysz\u0142o\u015bci podejm\u0105. Deklaracja 17 li tylko potwierdza fakt uzurpacji unijnego trybuna\u0142u.<\/p>\n<p class=\"MsoNormal\" align=\"justify\">  Nie ma bardziej podlegaj\u0105cej demokratycznej ocenie sprawy jak rozliczanie w\u0142adzy.  W Polsce od kilku lat gorzej lub lepiej, ale jednak wprowadzana jest demokratyczna rozliczalno\u015b\u0107 w\u0142adzy s\u0119dzi\u00f3w. Zanim PiS doszed\u0142 do w\u0142adzy s\u0119dziowie S\u0105du Najwy\u017cszego sami na zasadzie kooptacji wybierali nast\u0119pnych s\u0119dzi\u00f3w S\u0105du Najwy\u017cszego. Nie mia\u0142o to nic wsp\u00f3lnego z demokracj\u0105 i praworz\u0105dno\u015bci\u0105 (poka\u017c mi zapis konstytucji, kt\u00f3ry stanowi\u0142 o kooptacji jako mechanizmie rekrutacji do S\u0105du Najwy\u017cszego!?).  Wbrew protestom kasty dobra zmiana wprowadzi\u0142a publicznie dost\u0119pne o\u015bwiadczenia maj\u0105tkowe s\u0119dzi\u00f3w, itp. wiele innych zmian tworz\u0105cych rozliczalno\u015b\u0107 w\u0142adzy s\u0119dziowskiej.<\/p>\n<p class=\"MsoNormal\" align=\"justify\">  Teraz zachodni politycy gro\u017c\u0105, \u017ce odbior\u0105 nam \u015brodki na odbudow\u0105 po COVID pomimo tego, \u017ce nasz wniosek jest dobrze przygotowany i sensowny ekonomicznie. Si\u0119gaj\u0105 po nag\u0105 si\u0142\u0119 i czyst\u0105 polityk\u0119. W sprawie, gdzie pono\u0107 chodzi o zasady prawa.  Demonstruj\u0105, \u017ce to tylko polityka zbyt d\u0142ugo udaj\u0105ca konflikt o normy prawa.<\/p>\n<p class=\"MsoNormal\" align=\"justify\">  Chcecie wi\u0119cej Europy?  To poprosimy wi\u0119cej demokracji. A do tego czasu sami wiecie, gdzie mo\u017cecie sobie wsadzi\u0107 wasz wy\u017cszo\u015bciowe m\u0105dro\u015bci z gatunku:<\/p>\n<div style=\"padding-left:35px\">  Co prawda nie ma jednego modelu zabezpieczenia niezale\u017cno\u015bci s\u0119dzi\u00f3w w Europie. Wi\u0119c na zachodzie Europy politycy mog\u0105 na przyk\u0142ad nominowa\u0107 i awansowa\u0107 s\u0119dzi\u00f3w. Bo maja Kultur\u0119! Kultur\u0119, kt\u00f3ra ros\u0142a d\u0142ugi czas. Ale wy ze Wschodu przyjmiecie jeden model. Model kt\u00f3ry wam narzucimy! U was s\u0119dzi\u00f3w nominowa\u0107 i awansowa\u0107 b\u0119d\u0105 inni s\u0119dziowie!<\/div>\n<p class=\"MsoNormal\" align=\"justify\">  Powy\u017cszy akapit to nie \u017cart. To opis raport Komisji Weneckiej:<\/p>\n<p align=\"center\"><img decoding=\"async\" src=\"http:\/\/www.dobrowol.org\/drobiazgi\/judiciary75.jpg\" alt=\"\" width=\"450\" border=\"0\"><\/p>\n<p class=\"MsoNormal\" align=\"center\"><strong> \u0179r\u00f3d\u0142o: <\/strong> EUROPEAN COMMISSION FOR DEMOCRACY THROUGH LAW,  CDL-AD(2007)028-e, Judicial Appointments \u2013 Report adopted by the Venice Commission at its 70th Plenary Session (Venice, 16-17 March 2007)<\/p>\n<p class=\"MsoNormal\" align=\"justify\">  Brukselska arystokracja twierdzi, \u017ce mamy k\u0142ania\u0107 si\u0119 jej i jej lokalnym namiestnikom. Dzzi\u0119kuj\u0119, ale nie. Jestem Europejczykiem i oczekuj\u0119, \u017ce b\u0119d\u0119 taktowany na r\u00f3wni z pozosta\u0142ymi Europejczykami.<\/p>\n","protected":false},"excerpt":{"rendered":"<p>Nie ma europejskiego ludu czy jak kto woli narodu. Kluczowe instytucje UE nie podlegaj\u0105 demokratycznej rozliczalno\u015bci. Dop\u00f3ki nie powstanie lud europejski a instytucje UE nie b\u0119d\u0105 demokratycznie rozliczalne to w\u0142adza s\u0119dzi\u00f3w powinna podlega\u0107 tylko jurysdykcji narodowej. W innym wypadku przewodzi\u0107 nad nami b\u0119dzie niewybieralna brukselska arystokracja.<\/p>\n","protected":false},"author":2,"featured_media":0,"comment_status":"open","ping_status":"open","sticky":false,"template":"","format":"standard","meta":{"footnotes":""},"categories":[12,10,13],"tags":[],"class_list":{"0":"post-2519","1":"post","2":"type-post","3":"status-publish","4":"format-standard","6":"category-europa-ale-jaka","7":"category-podzial-wladzy-oraz-kontrwazenie-wladz","8":"category-sady-dlaczego-i-jak-naprawic"},"_links":{"self":[{"href":"https:\/\/dobrowol.org\/blog\/wp-json\/wp\/v2\/posts\/2519","targetHints":{"allow":["GET"]}}],"collection":[{"href":"https:\/\/dobrowol.org\/blog\/wp-json\/wp\/v2\/posts"}],"about":[{"href":"https:\/\/dobrowol.org\/blog\/wp-json\/wp\/v2\/types\/post"}],"author":[{"embeddable":true,"href":"https:\/\/dobrowol.org\/blog\/wp-json\/wp\/v2\/users\/2"}],"replies":[{"embeddable":true,"href":"https:\/\/dobrowol.org\/blog\/wp-json\/wp\/v2\/comments?post=2519"}],"version-history":[{"count":14,"href":"https:\/\/dobrowol.org\/blog\/wp-json\/wp\/v2\/posts\/2519\/revisions"}],"predecessor-version":[{"id":2775,"href":"https:\/\/dobrowol.org\/blog\/wp-json\/wp\/v2\/posts\/2519\/revisions\/2775"}],"wp:attachment":[{"href":"https:\/\/dobrowol.org\/blog\/wp-json\/wp\/v2\/media?parent=2519"}],"wp:term":[{"taxonomy":"category","embeddable":true,"href":"https:\/\/dobrowol.org\/blog\/wp-json\/wp\/v2\/categories?post=2519"},{"taxonomy":"post_tag","embeddable":true,"href":"https:\/\/dobrowol.org\/blog\/wp-json\/wp\/v2\/tags?post=2519"}],"curies":[{"name":"wp","href":"https:\/\/api.w.org\/{rel}","templated":true}]}}