{"id":2503,"date":"2021-10-03T20:16:13","date_gmt":"2021-10-03T20:16:13","guid":{"rendered":"http:\/\/dobrowol.org\/blog\/?p=2503"},"modified":"2023-12-17T15:26:23","modified_gmt":"2023-12-17T15:26:23","slug":"lewym-i-prawym-zamordystom-nie-chodzi-o-zasady-a-o-dzierzenie-nas-za-mordy","status":"publish","type":"post","link":"https:\/\/dobrowol.org\/blog\/2021\/10\/03\/lewym-i-prawym-zamordystom-nie-chodzi-o-zasady-a-o-dzierzenie-nas-za-mordy\/","title":{"rendered":"Lewym i prawym zamordystom nie chodzi o zasady, a o dzier\u017cenie nas za mordy"},"content":{"rendered":"<p class=\"MsoNormal\" align=\"justify\">Wystarczy\u0142o zawr\u00f3cenie Ziemkiewicza z granicy, by nasi zamordy\u015bci zamienili si\u0119 miejscami. Zwolennicy zawracania imigrant\u00f3w z granicy krzycz\u0105 o upadku Zachodu. A zwolennicy wpuszczania jak leci ciesz\u0105 si\u0119, \u017ce odmienny kulturowo Ziemkiewicz nie zosta\u0142 wpuszczony do Wlk. Brytanii.<\/p>\n<p><!--more--><\/p>\n<p class=\"MsoNormal\" align=\"justify\">Jedni m\u00f3wi\u0105 o karaniu za obra\u017canie narodu. Drudzy o karaniu za obra\u017canie mniejszo\u015bci. Jednym i drugim nie chodzi o s\u0142owa a o kontrolowanie nas. Jedyny spos\u00f3b by si\u0119 przed nimi zabezpieczy\u0107 to tolerowa\u0107 wszystkie niemi\u0142e nam wypowiedzi. A penalizowa\u0107 jedynie te bezpo\u015brednio i natychmiast prowadz\u0105ce do zakazanych czyn\u00f3w. Granice \u015bcigania na mocy prawa stawia\u0107 tam i tylko tam gdzie s\u0142owo staje si\u0119 natychmiast i bepo\u015brednio przemoc\u0105.<\/p>\n<p class=\"MsoNormal\" align=\"justify\"> \u201eFaszy\u015bci\u201d i \u201eantyfaszy\u015bci\u201d potrzebuj\u0105 siebie do wzajemnej promocji.  Zanim Gazeta Wyborcza i inni antyfaszy\u015bci zabrali si\u0119 za promocj\u0119 marszu niepodleg\u0142o\u015bci poprzez blokowanie go z kamieniami w kieszeni to marsz ten by\u0142 marginalnym wydarzeniem przyci\u0105gaj\u0105cym kilkuset smutnych \u0142ysych m\u0142odzie\u0144c\u00f3w.  W drug\u0105 stron\u0119 nikt nie zrobi\u0142 tyle dla promocji Gazety Wyborczej co Rafa\u0142 Ziemkiewicz ze swoj\u0105 obsesj\u0105 na punkcie Michnika.<\/p>\n<p class=\"MsoNormal\" align=\"justify\"> Walczenie z wolno\u015bci\u0105 s\u0142owa wypromowane przez lewych i prawych zamordyst\u00f3w sta\u0142o si\u0119 sposobem na pr\u00f3\u017cne sygnalizowanie cnoty i inteligencji.  Wystarczy by ka\u017cdy aspiruj\u0105cy do celebryctwa napisa\u0142 \u201ewolno\u015b\u0107 s\u0142owa tak ale z wj\u0105tkami\u201d by komunikowa\u0142 sw\u0105 m\u0105dro\u015b\u0107 i prawo\u015b\u0107:<\/p>\n<p align=\"center\"><img decoding=\"async\" src=\"http:\/\/www.dobrowol.org\/drobiazgi\/wolnoscslowa113.jpg\" alt=\"\" width=\"450\" border=\"0\"><\/p>\n<p class=\"MsoNormal\" align=\"justify\"> G\u0142\u0119bokie i m\u0105dre, nieprawda\u017c? \u015awiadczy, \u017ce Ryszard ma t\u0119gi m\u00f3zg i serce po w\u0142a\u015bciwej stronie.<\/p>\n<p class=\"MsoNormal\" align=\"justify\"> Wzajemne us\u0142ugi promocyjne skrajno\u015bci nie s\u0105 wy\u0142\u0105cznie polskim wynalazkiem.  Rzekomo antykapitalistyczna lewica lobuje by szefowie zachodnich korporacji zwalniali pracownik\u00f3w za pogl\u0105dy.  Ca\u0142a w\u0142adza w r\u0119ce ludu ju\u017c jest passe.  Teraz na propsie:  kapitalizm i kapitali\u015bci s\u0105 OK, byle zwalniali tych co lewacy wytkn\u0105 palcami. Ot taki sojusz dzia\u0142acza i kapita\u0142u na szkod\u0119 normalnego cz\u0142owieka.<\/p>\n<p class=\"MsoNormal\" align=\"justify\"> Olanie ich nie jest dla nas wyj\u015bciem. Nasz spok\u00f3j i wolno\u015b\u0107 nie b\u0119d\u0105 bezpiecznie dop\u00f3ki jedni i drudzy b\u0119d\u0105 mogli zaprz\u0105c do ich wzajmenej promocji pa\u0144stwowy aparat represji.  Przyk\u0142adowo w przepisie kodeku wykrocze\u0144 o brzydkich s\u0142owach wypowiadanych publicznie nie chodzi by\u015bmy pos\u0142ugiwali si\u0119 wy\u0142\u0105cznie ugrzecznion\u0105 literack\u0105 polszczyzn\u0105. Im chodzi o to by w\u0142adza mia\u0142a prawo decydowa\u0107, kt\u00f3re \u201ewypierdalaj\u201d i \u201ejeba\u0107\u201d s\u0105 dopuszczalne, a kt\u00f3re nie. Ostatnio s\u0119dziowie orzekaj\u0105, \u017ce &#8220;wypierdalaj&#8221; Marty Lempart jest spo\u0142ecznie po\u017cyteczne. Takie doj\u015bcia i wp\u0142ywy, kt\u00f3re pozwalaj\u0105 uciec od kary za karalne wypowiedzi dost\u0119pne s\u0105 tylko uczestnikom zorganizowanych grup politycznych.<\/p>\n<p class=\"MsoNormal\" align=\"justify\"> By nasza wolno\u015b\u0107 nie pad\u0142a ich \u0142upem potrzebujemy pozbawi\u0107 lewych i prawych zamordyst\u00f3w mo\u017cliwo\u015bci zaprz\u0119gania pa\u0144stwowego aparatu represji do ich wzajemnej promocji poprez ograniczanie wolno\u015bci s\u0142owa.  Potrzebujemy z polskiego prawa usun\u0105\u0107 dziewi\u0119\u0107 artyku\u0142\u00f3w kodeksu karnego oraz jeden kodeksu wykrocze\u0144:<\/p>\n<p class=\"MsoNormal\" align=\"justify\">  <strong> Kodeks Karny   <\/strong><\/p>\n<div style=\"padding-left:35px\">  <strong> Art. 133. <\/strong>  Kto <strong>publicznie zniewa\u017ca Nar\u00f3d lub Rzeczpospolit\u0105 Polsk\u0105<\/strong>, podlega karze pozbawienia wolno\u015bci do lat 3.<\/div>\n<div style=\"padding-left:35px\">  <strong> Art. 135. \u00a7 2. <\/strong> Kto <strong>publicznie zniewa\u017ca Prezydenta Rzeczypospolitej Polskiej<\/strong>, podlega karze pozbawienia wolno\u015bci do lat 3.<\/div>\n<div style=\"padding-left:35px\">  <strong> Art. 136. \u00a7 4<\/strong> Kto na terytorium Rzeczypospolitej Polskiej publicznie <strong> zniewa\u017ca osob\u0119 okre\u015blon\u0105 w \u00a7 2 [dyplomat\u0119]<\/strong>, podlega grzywnie, karze ograniczenia wolno\u015bci albo pozbawienia wolno\u015bci do roku.<\/div>\n<div style=\"padding-left:35px\">  <strong> Art. 137. \u00a7 1. <\/strong> Kto <strong> publicznie zniewa\u017ca, niszczy, uszkadza lub usuwa god\u0142o, sztandar, chor\u0105giew, bander\u0119, flag\u0119 lub inny znak pa\u0144stwowy <\/strong>, podlega grzywnie, karze ograniczenia wolno\u015bci albo pozbawienia wolno\u015bci do roku.<\/div>\n<div style=\"padding-left:35px\">  <strong> Art. 196. <\/strong> Kto <strong> obra\u017ca uczucia religijne innych os\u00f3b, zniewa\u017caj\u0105c publicznie przedmiot czci religijnej lub miejsce przeznaczone do publicznego wykonywania obrz\u0119d\u00f3w religijnych <\/strong>, podlega grzywnie, karze ograniczenia wolno\u015bci albo pozbawienia wolno\u015bci do lat 2.<\/div>\n<div style=\"padding-left:35px\">  <strong> Art. 212 \u00a7 1. <\/strong> Kto <strong>pomawia inn\u0105 osob\u0119, grup\u0119 os\u00f3b, instytucj\u0119, osob\u0119 prawn\u0105 lub jednostk\u0119 organizacyjn\u0105 niemaj\u0105c\u0105 osobowo\u015bci prawnej otakie post\u0119powanie lub w\u0142a\u015bciwo\u015bci, kt\u00f3re mog\u0105 poni\u017cy\u0107 j\u0105 w opinii publicznej lub narazi\u0107 na utrat\u0119 zaufania potrzebnego dla danego stanowiska, zawodu lub rodzaju dzia\u0142alno\u015bci<\/strong>, podlega grzywnie albo karze ograniczenia wolno\u015bci.<\/div>\n<div style=\"padding-left:35px\">  \u00a7 2. Je\u017celi sprawca dopuszcza si\u0119 czynu okre\u015blonego w\u00a7 1 za pomoc\u0105 \u015brodk\u00f3w masowego komunikowania, podlega grzywnie, karze ograniczenia wolno\u015bci albo pozbawienia wolno\u015bci do roku.<\/div>\n<div style=\"padding-left:35px\">  <strong> Art. 226. \u00a7 3. <\/strong>   Kto <strong> publicznie zniewa\u017ca lub poni\u017ca konstytucyjny organ Rzeczypospolitej Polskiej<\/strong>, podlega grzywnie, karze ograniczenia wolno\u015bci albo pozbawienia wolno\u015bci do lat 2.<\/div>\n<div style=\"padding-left:35px\">  <strong> Art. 256. <\/strong>  Kto <strong> publicznie propaguje faszystowski lub inny totalitarny ustr\u00f3j pa\u0144stwa lub nawo\u0142uje do nienawi\u015bci na tle r\u00f3\u017cnic narodowo\u015bciowych, etnicznych, rasowych, wyznaniowych albo ze wzgl\u0119du na bezwyznaniowo\u015b\u0107 <\/strong>, podlega grzywnie, karze ograniczenia wolno\u015bci albo pozbawienia wolno\u015bci do lat 2.<\/div>\n<div style=\"padding-left:35px\">  <strong> Art.261. <\/strong>  Kto <strong>zniewa\u017ca pomnik lub inne miejsce publiczne urz\u0105dzone w celu upami\u0119tnienia zdarzenia historycznego lub uczczenia osoby <\/strong>, podlega grzywnie albo karze ograniczenia wolno\u015bci.<\/div>\n<p class=\"MsoNormal\" align=\"justify\">  <strong> Kodeks wykrocze\u0144: <\/strong><\/p>\n<div style=\"padding-left:35px\">  <strong> Art. 49. \u00a7 1. <\/strong>  Kto <strong>w miejscu publicznym demonstracyjnie okazuje lekcewa\u017cenie Narodowi Polskiemu, Rzeczypospolitej Polskiej lub jej konstytucyjnym organom <\/strong>,podlega karze aresztu albo grzywny.<\/div>\n<div style=\"padding-left:35px \u00a7 2. Tej samej karze podlega, kto narusza przepisy o godle, barwach i hymnie Rzeczypospolitej Polskiej.<\/div>\n<p class=\" msonormal\"=\"\" align=\"justify\"><\/div>\n","protected":false},"excerpt":{"rendered":"<p>Wystarczy\u0142o zawr\u00f3cenie Ziemkiewicza z granicy, by nasi zamordy\u015bci zamienili si\u0119 miejscami. Zwolennicy zawracania imigrant\u00f3w z granicy krzycz\u0105 o upadku Zachodu. A zwolennicy wpuszczania jak leci ciesz\u0105 si\u0119, \u017ce odmienny kulturowo Ziemkiewicz nie zosta\u0142 wpuszczony do Wlk. Brytanii.<\/p>\n","protected":false},"author":2,"featured_media":0,"comment_status":"open","ping_status":"open","sticky":false,"template":"","format":"standard","meta":{"footnotes":""},"categories":[7],"tags":[],"class_list":{"0":"post-2503","1":"post","2":"type-post","3":"status-publish","4":"format-standard","6":"category-wolnosc-slowa"},"_links":{"self":[{"href":"https:\/\/dobrowol.org\/blog\/wp-json\/wp\/v2\/posts\/2503","targetHints":{"allow":["GET"]}}],"collection":[{"href":"https:\/\/dobrowol.org\/blog\/wp-json\/wp\/v2\/posts"}],"about":[{"href":"https:\/\/dobrowol.org\/blog\/wp-json\/wp\/v2\/types\/post"}],"author":[{"embeddable":true,"href":"https:\/\/dobrowol.org\/blog\/wp-json\/wp\/v2\/users\/2"}],"replies":[{"embeddable":true,"href":"https:\/\/dobrowol.org\/blog\/wp-json\/wp\/v2\/comments?post=2503"}],"version-history":[{"count":14,"href":"https:\/\/dobrowol.org\/blog\/wp-json\/wp\/v2\/posts\/2503\/revisions"}],"predecessor-version":[{"id":2776,"href":"https:\/\/dobrowol.org\/blog\/wp-json\/wp\/v2\/posts\/2503\/revisions\/2776"}],"wp:attachment":[{"href":"https:\/\/dobrowol.org\/blog\/wp-json\/wp\/v2\/media?parent=2503"}],"wp:term":[{"taxonomy":"category","embeddable":true,"href":"https:\/\/dobrowol.org\/blog\/wp-json\/wp\/v2\/categories?post=2503"},{"taxonomy":"post_tag","embeddable":true,"href":"https:\/\/dobrowol.org\/blog\/wp-json\/wp\/v2\/tags?post=2503"}],"curies":[{"name":"wp","href":"https:\/\/api.w.org\/{rel}","templated":true}]}}