{"id":25,"date":"2006-08-02T15:16:13","date_gmt":"2006-08-02T15:16:13","guid":{"rendered":"http:\/\/dobrowol.org\/blog\/2006\/08\/02\/konflikt-pokolen-pokoleniowy-aspekt-lustracji-i-emigracji\/"},"modified":"2006-08-02T15:16:13","modified_gmt":"2006-08-02T15:16:13","slug":"konflikt-pokolen-pokoleniowy-aspekt-lustracji-i-emigracji","status":"publish","type":"post","link":"https:\/\/dobrowol.org\/blog\/2006\/08\/02\/konflikt-pokolen-pokoleniowy-aspekt-lustracji-i-emigracji\/","title":{"rendered":"Konflikt pokole\u0144 &#8211; pokoleniowy aspekt lustracji i emigracji"},"content":{"rendered":"<p align=\"justify\" class=\"MsoNormal\">Konflikt pokole\u0144 powoli narasta. Starsi zrozumieli, \u017ce lustracja to spos&oacute;b na usuni\u0119cie starych polityk&oacute;w i urz\u0119dnik&oacute;w przez m\u0142odych g\u0142odnych ich sto\u0142k&oacute;w. Co\u015b w rodzaju stalinowskiej czystki. Teraz wi\u0119c <span>&nbsp;<\/span>pod has\u0142em &bdquo;nie mo\u017cna zr&oacute;wna\u0107 kat&oacute;w i ofiar&rdquo; broni\u0105 si\u0119 przed lustracj\u0105.<span>&nbsp; <\/span>A m\u0142odzi politycy w imi\u0119 &bdquo;dziejowej sprawiedliwo\u015bci&rdquo; walcz\u0105 o &bdquo;jawno\u015b\u0107 \u017cyciorys&oacute;w&rdquo;. <\/p>\n<div align=\"justify\">   <\/div>\n<p align=\"justify\" class=\"MsoNormal\">Inne pole konfliktu pokole\u0144 to emigracja m\u0142odych.<span>&nbsp; <\/span>Wysokie \u015bwiadczenia dla senior&oacute;w wymagaj\u0105 wysokich podatk&oacute;w.<span>&nbsp;&nbsp; <\/span>Wysokie podatki wypychaj\u0105 m\u0142odych z rynku pracy.<span>&nbsp; <\/span>M\u0142odzi nie blokuj\u0105 dr&oacute;g, nie strajkuj\u0105, nie bij\u0105 si\u0119 z policj\u0105, nie \u017c\u0105daj\u0105 kolejnych przywilej&oacute;w.<span>&nbsp; <\/span>Po prostu pakuj\u0105 manatki, m&oacute;wi\u0105: &bdquo;sami sobie finansujcie ZUS&rdquo; i wyje\u017cd\u017caj\u0105.<span>&nbsp; <\/span><\/p>\n<div align=\"justify\">     <\/div>\n<p align=\"justify\" class=\"MsoNormal\">Starsi wcze\u015bniej czy p&oacute;\u017aniej b\u0119d\u0105 musieli odpu\u015bci\u0107 pod gro\u017aba bankructwa ZUS, oraz &bdquo;bezp\u0142atnej&rdquo; ochrony zdrowia. Na razie jednak proponuj\u0105 podwy\u017cki podatk&oacute;w.<span>&nbsp; <\/span>Minister Religa proponuje podatek pielengnacyjny, a LPR podatek senioralny, a wszyscy ministrowie kombinuj\u0105 jak w spos&oacute;b ukryty podwy\u017cszy\u0107 podatki (chyba zabior\u0105 si\u0119 za akcyz\u0119).<\/p>\n<div align=\"justify\">      <\/div>\n<p align=\"justify\" class=\"MsoNormal\">Dzi\u015b konflikt pokole\u0144 jest ukryty.<span>&nbsp; <\/span>Starsi m&oacute;wi\u0105 o prawach nabytych, a m\u0142odzi o zbyt du\u017cych obci\u0105\u017ceniach podatkowych.<span>&nbsp; <\/span>Ale to si\u0119 zacznie zmienia\u0107.<span>&nbsp; <\/span>W najbli\u017cszych wyborach oko\u0142o jedna trzecia potencjalnych wyborc&oacute;w nie b\u0119dzie pami\u0119ta\u0142a wprowadzenia stanu wojennego.<span>&nbsp; <\/span>To nowo\u015b\u0107 w Polskiej polityce i pierwsza oznaka ko\u0144ca podzia\u0142u na komuch&oacute;w i solidaruch&oacute;w. Dla m\u0142odych Polak&oacute;w kto pa\u0142owa\u0142, a kto spa\u0142 na styropianie b\u0119dzie tak samo wa\u017cne jak kto wsp&oacute;\u0142pracowa\u0142 z carsk\u0105 ochran\u0105.<\/p>\n<div align=\"justify\">     <\/div>\n<p align=\"justify\" class=\"MsoNormal\">Prawdopodobnie m\u0142odzi zaczn\u0105 zadawa\u0107 inne pytania.<span>&nbsp; <\/span>Na przyk\u0142ad: dlaczego dzisiejszy dwudziestolatek ma p\u0142aci\u0107 za obietnice dane przez Jaruzelskiego (wcze\u015bniejsze emerytury) by utrzyma\u0107 si\u0119 u w\u0142adzy? Dlaczego mamy najm\u0142odszych emeryt&oacute;w na \u015bwiecie? Dlaczego tak du\u017ca cz\u0119\u015b\u0107 dochodu narodowego idzie na renty i emerytury, je\u017celi jeste\u015bmy m\u0142odym jak na Europ\u0119 spo\u0142ecze\u0144stwem?<span>&nbsp; <\/span><\/p>\n","protected":false},"excerpt":{"rendered":"<p>Konflikt pokole\u0144 powoli narasta. Starsi zrozumieli, \u017ce lustracja to spos&oacute;b na usuni\u0119cie starych polityk&oacute;w i urz\u0119dnik&oacute;w przez m\u0142odych g\u0142odnych ich sto\u0142k&oacute;w. Co\u015b w rodzaju stalinowskiej czystki. Teraz wi\u0119c &nbsp;pod has\u0142em &bdquo;nie mo\u017cna zr&oacute;wna\u0107 kat&oacute;w i ofiar&rdquo; broni\u0105 si\u0119 przed lustracj\u0105.&nbsp; A m\u0142odzi politycy w imi\u0119 &bdquo;dziejowej sprawiedliwo\u015bci&rdquo; walcz\u0105 o &bdquo;jawno\u015b\u0107 \u017cyciorys&oacute;w&rdquo;. Inne pole konfliktu pokole\u0144 [&hellip;]<\/p>\n","protected":false},"author":2,"featured_media":0,"comment_status":"open","ping_status":"open","sticky":false,"template":"","format":"standard","meta":{"footnotes":""},"categories":[2],"tags":[],"class_list":{"0":"post-25","1":"post","2":"type-post","3":"status-publish","4":"format-standard","6":"category-polska-to-nie-jest-kraj-dla-mlodych"},"_links":{"self":[{"href":"https:\/\/dobrowol.org\/blog\/wp-json\/wp\/v2\/posts\/25","targetHints":{"allow":["GET"]}}],"collection":[{"href":"https:\/\/dobrowol.org\/blog\/wp-json\/wp\/v2\/posts"}],"about":[{"href":"https:\/\/dobrowol.org\/blog\/wp-json\/wp\/v2\/types\/post"}],"author":[{"embeddable":true,"href":"https:\/\/dobrowol.org\/blog\/wp-json\/wp\/v2\/users\/2"}],"replies":[{"embeddable":true,"href":"https:\/\/dobrowol.org\/blog\/wp-json\/wp\/v2\/comments?post=25"}],"version-history":[{"count":0,"href":"https:\/\/dobrowol.org\/blog\/wp-json\/wp\/v2\/posts\/25\/revisions"}],"wp:attachment":[{"href":"https:\/\/dobrowol.org\/blog\/wp-json\/wp\/v2\/media?parent=25"}],"wp:term":[{"taxonomy":"category","embeddable":true,"href":"https:\/\/dobrowol.org\/blog\/wp-json\/wp\/v2\/categories?post=25"},{"taxonomy":"post_tag","embeddable":true,"href":"https:\/\/dobrowol.org\/blog\/wp-json\/wp\/v2\/tags?post=25"}],"curies":[{"name":"wp","href":"https:\/\/api.w.org\/{rel}","templated":true}]}}