{"id":2391,"date":"2020-11-22T07:38:59","date_gmt":"2020-11-22T07:38:59","guid":{"rendered":"http:\/\/dobrowol.org\/blog\/?p=2391"},"modified":"2020-11-22T08:02:39","modified_gmt":"2020-11-22T08:02:39","slug":"polska-wielka-migrantami","status":"publish","type":"post","link":"https:\/\/dobrowol.org\/blog\/2020\/11\/22\/polska-wielka-migrantami\/","title":{"rendered":"Polska Wielka Migrantami"},"content":{"rendered":"<p class=\"MsoNormal\" align=\"justify\"> Maleje dynamika migracji z Ukrainy do Polski. Nadchodz\u0105 ostatnie lata, w kt\u00f3rych mo\u017cemy skokowo i trwale zwi\u0119kszy\u0107 ludno\u015b\u0107 Polski.  Ukrai\u0144com, kt\u00f3rzy nie mog\u0105 godnie zarobi\u0107 u siebie mo\u017cemy u\u0142atwi\u0107 migracj\u0119 na sta\u0142e do Polski. <\/p>\n<p><!--more--><\/p>\n<p class=\"MsoNormal\" align=\"justify\"> Wysoka migracja za prac\u0105 do Polski ze Wchodu zdarzy\u0142a si\u0119 nam przez przypadek. Na prze\u0142omie lat 80ych i 90ych poziom dochodu narodowego na g\u0142ow\u0119 w Ukrainie i Polsce by\u0142y podobne. Teraz nasze PKB na g\u0142ow\u0119 jest dwa razy wy\u017csze ni\u017c w Ukrainie. Ale to dopiero napa\u015b\u0107 Rosji na Ukrain\u0119 w 2014 i spowodowany wojn\u0105 pog\u0142\u0119biaj\u0105cy si\u0119 kryzysu gospodarki ukrai\u0144skiej wypchn\u0105\u0142 Ukrai\u0144c\u00f3w w bezprecedensowej liczbie za prac\u0105 do Polski. Jednak od 2017 tempo migracji do Polski spada. <\/p>\n<p class=\"MsoNormal\" align=\"justify\"> Przesta\u0142a rosn\u0105\u0107 liczba o\u015bwiadcze\u0144 o powierzeniu cudzoziemcom pracy: <\/p>\n<p  align=\"center\"><img decoding=\"async\" src=\"http:\/\/www.dobrowol.org\/drobiazgi\/migracje021.jpg\" alt=\"\" width=\"550\" border=\"0\" \/> <\/p>\n<p class=\"MsoNormal\" align=\"center\"><strong> \u0179r\u00f3d\u0142o: <\/strong> Ministerstwo Pracy itd. <\/p>\n<p class=\"MsoNormal\" align=\"justify\"> Jak te\u017c przesta\u0142a rosn\u0105\u0107 liczba cudzoziemc\u00f3w ubezpieczonych w ZUS: <\/p>\n<p  align=\"center\"><img decoding=\"async\" src=\"http:\/\/www.dobrowol.org\/drobiazgi\/migracje022.jpg\" alt=\"\" width=\"550\" border=\"0\" \/> <\/p>\n<p class=\"MsoNormal\" align=\"center\"><strong> \u0179r\u00f3d\u0142o: <\/strong> ZUS<\/p>\n<p class=\"MsoNormal\" align=\"justify\"> Za spadek tempa migracji do Polski odpowiada: <\/p>\n<div style=\"padding-left:35px\"> &#8211; relatywna poprawa sytuacji gospodarczej w Ukrainie, <\/div>\n<div style=\"padding-left:35px\"> &#8211; ostatnio r\u00f3wnie\u017c pandemiczne spowolnienie gospodarki w Polsce, <\/div>\n<div style=\"padding-left:35px\"> &#8211; i przez ca\u0142y czas utrudnienia formalne, kt\u00f3re mno\u017cymy w Polsce. <\/div>\n<p><\/p>\n<p class=\"MsoNormal\" align=\"justify\"> G\u0142\u00f3wn\u0105 bol\u0105czk\u0105, kt\u00f3ra trapi migrant\u00f3w z Ukrainy nie jest brak popytu na ich prac\u0119, ani nieprzyjazny stosunek Polak\u00f3w, itp. lecz k\u0142opoty w uzyskaniu dokument\u00f3w umo\u017cliwiaj\u0105cych d\u0142ugoterminowy pobyt: <\/p>\n<p  align=\"center\"><img decoding=\"async\" src=\"http:\/\/www.dobrowol.org\/drobiazgi\/migracje023.jpg\" alt=\"\" width=\"550\" border=\"0\" \/> <\/p>\n<p class=\"MsoNormal\" align=\"center\"><strong> \u0179r\u00f3d\u0142o: <\/strong> Agata G\u00f3rny, Karolina Madej, Katarzyna Porwit, Ewolucja czy rewolucja? Imigracja z Ukrainy do aglomeracji warszawskiej z perspektywy lat 2015-2019. Pa\u017adziernik 2020,\n<\/p>\n<p class=\"MsoNormal\" align=\"justify\"> Ustanowiony przez nas cyrkulacyjny model migracji jest suboptymalny. Imigranci przyje\u017cd\u017caj\u0105 na chwil\u0119 troch\u0119 zarobi\u0107 i wracaj\u0105 do siebie. Tacy imigranci nie maj\u0105 powodu nabywa\u0107 umiej\u0119tno\u015bci przydatne na lokalnym rynku pracy. Natychmiast zmieniaj\u0105 pracodawc\u0119 dla niewielkich r\u00f3\u017cnic w stawkach. Nie maj\u0105 powodu, by zbytnio si\u0119 integrowa\u0107 z natywn\u0105 populacj\u0105. Podobnie pracodawcy nie maj\u0105 powodu do inwestowania w umiej\u0119tno\u015bci imigrant\u00f3w i wdra\u017cania ich do bardziej odpowiedzialnych zada\u0144. Po prostu s\u0105 mniej przydatni dla spo\u0142eczno\u015bci przyjmuj\u0105cej. Nie przyci\u0105gniemy te\u017c w ten spos\u00f3b najbardziej warto\u015bciowych pracownik\u00f3w. <\/p>\n<p class=\"MsoNormal\" align=\"justify\"> Nawet ten suboptymalny spos\u00f3b przyjmowana imigrant\u00f3w nam pom\u00f3g\u0142. Poda\u017c pracy imigrant\u00f3w zarobkowych <a href=\"https:\/\/dobrowol.org\/blog\/2018\/06\/11\/wiecej-ukraincow-szybciej\/\" target=\"_blank\"> uratowa\u0142a nam w minionych latach wzrost gospodarczy<\/a>. Dost\u0119pne informacje wskazuj\u0105, \u017ce spora liczba Ukrai\u0144c\u00f3w chce uczyni\u0107 Polsk\u0119 swym domem. <\/p>\n<p class=\"MsoNormal\" align=\"justify\"> Ale w najbli\u017cszej dekadzie Ukrai\u0144cy b\u0119d\u0105 jednym z szybciej starzej\u0105cych si\u0119 spo\u0142ecze\u0144stw w Europie. Ponad 15% Ukrai\u0144c\u00f3w jest w wieku pomi\u0119dzy 55 a 65 lat. Za\u015b roczniki poni\u017cej 25 roku \u017cycia s\u0105 ma\u0142o liczebne. Ju\u017c niebawem nie b\u0119dzie mia\u0142 kto przyje\u017cd\u017ca\u0107 do pracy w Polsce. <\/p>\n<p  align=\"center\"><img decoding=\"async\" src=\"http:\/\/www.dobrowol.org\/drobiazgi\/migracje024.jpg\" alt=\"\" width=\"550\" border=\"0\" \/> <\/p>\n<p class=\"MsoNormal\" align=\"center\"><strong> \u0179r\u00f3d\u0142o: <\/strong> \u0414\u0435\u0440\u0436\u0430\u0432\u043d\u0430 \u0421\u043b\u0443\u0436\u0431\u0430 \u0421\u0442\u0430\u0442\u0438\u0441\u0442\u0438\u043a\u0438 \u0423\u043a\u0440\u0430\u0457\u043d\u0438 <\/p>\n<p class=\"MsoNormal\" align=\"justify\"> Jest to o tyle wa\u017cne, \u017ce <a href=\"https:\/\/dobrowol.org\/blog\/2018\/02\/10\/w-krotkim-okresie-tylko-imigracja-znaczaco-zwiekszy-podaz-pracy\" target=\"_blank\"> ograniczenia poda\u017cy w Polsce s\u0105 strukturalne<\/a>. Mo\u017cemy podejmowa\u0107 dzia\u0142ania zwi\u0119kszaj\u0105ce poda\u017c pracy Polak\u00f3w. Ale ich efekty w wi\u0119kszo\u015bci b\u0119d\u0105 niewielkie i od\u0142o\u017cone w czasie. Co gorsza w poprzedniej dekadzie poda\u017c pracy by\u0142a czynnikiem przyspieszaj\u0105cym wzrost gospodarczy. Jednak w kolejnej dekadzie spadaj\u0105ca poda\u017c pracy b\u0119dzie czynnikiem spowalniaj\u0105cym rozw\u00f3j. <\/p>\n<p class=\"MsoNormal\" align=\"justify\"> Zamiast szkodzi\u0107 sobie migracj\u0105 rotacyjn\u0105 mo\u017cemy da\u0107 migrantom z pa\u0144stw by\u0142ego ZSRR prost\u0105, przewidywaln\u0105 i kr\u00f3tk\u0105 \u015bcie\u017ck\u0119 do sta\u0142ego pobytu i obywatelstwa. <\/p>\n","protected":false},"excerpt":{"rendered":"<p>Maleje dynamika migracji z Ukrainy do Polski. Nadchodz\u0105 ostatnie lata, w kt\u00f3rych mo\u017cemy skokowo i trwale zwi\u0119kszy\u0107 ludno\u015b\u0107 Polski. Ukrai\u0144com, kt\u00f3rzy nie mog\u0105 godnie zarobi\u0107 u siebie mo\u017cemy u\u0142atwi\u0107 migracj\u0119 na sta\u0142e do Polski.<\/p>\n","protected":false},"author":1,"featured_media":0,"comment_status":"open","ping_status":"open","sticky":false,"template":"","format":"standard","meta":{"footnotes":""},"categories":[15,37],"tags":[],"class_list":{"0":"post-2391","1":"post","2":"type-post","3":"status-publish","4":"format-standard","6":"category-gonic-cywilizacyjny-rdzen","7":"category-imigracja"},"_links":{"self":[{"href":"https:\/\/dobrowol.org\/blog\/wp-json\/wp\/v2\/posts\/2391","targetHints":{"allow":["GET"]}}],"collection":[{"href":"https:\/\/dobrowol.org\/blog\/wp-json\/wp\/v2\/posts"}],"about":[{"href":"https:\/\/dobrowol.org\/blog\/wp-json\/wp\/v2\/types\/post"}],"author":[{"embeddable":true,"href":"https:\/\/dobrowol.org\/blog\/wp-json\/wp\/v2\/users\/1"}],"replies":[{"embeddable":true,"href":"https:\/\/dobrowol.org\/blog\/wp-json\/wp\/v2\/comments?post=2391"}],"version-history":[{"count":1,"href":"https:\/\/dobrowol.org\/blog\/wp-json\/wp\/v2\/posts\/2391\/revisions"}],"predecessor-version":[{"id":2392,"href":"https:\/\/dobrowol.org\/blog\/wp-json\/wp\/v2\/posts\/2391\/revisions\/2392"}],"wp:attachment":[{"href":"https:\/\/dobrowol.org\/blog\/wp-json\/wp\/v2\/media?parent=2391"}],"wp:term":[{"taxonomy":"category","embeddable":true,"href":"https:\/\/dobrowol.org\/blog\/wp-json\/wp\/v2\/categories?post=2391"},{"taxonomy":"post_tag","embeddable":true,"href":"https:\/\/dobrowol.org\/blog\/wp-json\/wp\/v2\/tags?post=2391"}],"curies":[{"name":"wp","href":"https:\/\/api.w.org\/{rel}","templated":true}]}}