{"id":2382,"date":"2020-11-18T08:50:30","date_gmt":"2020-11-18T08:50:30","guid":{"rendered":"http:\/\/dobrowol.org\/blog\/?p=2382"},"modified":"2020-11-18T09:00:28","modified_gmt":"2020-11-18T09:00:28","slug":"veto-o-sprawiedliwa-unie","status":"publish","type":"post","link":"https:\/\/dobrowol.org\/blog\/2020\/11\/18\/veto-o-sprawiedliwa-unie\/","title":{"rendered":"Veto o sprawiedliw\u0105 Uni\u0119"},"content":{"rendered":"<p class=\"MsoNormal\" align=\"justify\"> Najsilniejsze pa\u0144stwa unii oraz najwi\u0119ksze partie polityczne w parlamencie UE pod has\u0142em praworz\u0105dno\u015bci tworz\u0105 uznaniowy mechanizm nacisku na pa\u0144stwa b\u0119d\u0105ce w mniejszo\u015bci i przeciwnik\u00f3w politycznych. Dzia\u0142ania te z trosk\u0105 o praworz\u0105dno\u015b\u0107 maj\u0105 tyle wsp\u00f3lnego, co interwencje cara i kr\u00f3la pruskiego w obronie prze\u015bladowanych r\u00f3\u017cnowierc\u00f3w. Sprawa s\u0142uszna. Ale nadmuchana po to by dzia\u0142a\u0107 przeciw Polsce. Przy tym propagandowo por\u0119czna. Bo has\u0142em praworz\u0105dno\u015bci zrozumia\u0142ym na ca\u0142ym \u015bwiecie &#8220;w jedno s\u0142owo&#8221; mo\u017cna skutecznie ok\u0142ada\u0107 Polsk\u0119.<\/p>\n<p><!--more--><\/p>\n<p class=\"MsoNormal\" align=\"justify\"> W rzeczywisto\u015bci praworz\u0105dno\u015b\u0107 r\u00f3\u017cne spo\u0142ecze\u0144stwa mog\u0105 osi\u0105gn\u0105\u0107 r\u00f3\u017cnymi mechanizmami. Wystarczy spojrze\u0107 na r\u00f3\u017cnorodno\u015b\u0107 ustrojowych rozwi\u0105za\u0144 chroni\u0105cych niezale\u017cno\u015b\u0107 s\u0119dzi\u00f3w w pa\u0144stwach UE. Ale nam odmawiaj\u0105 szukania naszej w\u0142asnej drogi do praworz\u0105dno\u015bci. Chc\u0105 nas rozlicza\u0107 z jedynego s\u0142usznego modelu praworz\u0105dno\u015bci wymy\u015blonego przez nich. Bez prawa do zmiany i modyfikacji po naszemu, do naszych warunk\u00f3w spo\u0142ecznych. <\/p>\n<p class=\"MsoNormal\" align=\"justify\"> Dwie dekady temu UE uzna\u0142a, \u017ce pa\u0144stwa kandyduj\u0105ce do UE z Europy centralnej maj\u0105 mie\u0107 jeden spos\u00f3b zapewnienia niezawis\u0142o\u015bci s\u0119dzi\u00f3w: rady s\u0119dzi\u00f3w sk\u0142adaj\u0105ce si\u0119 lub zdominowane przez s\u0119dzi\u00f3w. Zadaniem tych rad ma by\u0107 rekrutacja, awans i dyscyplinowanie s\u0119dzi\u00f3w. <\/p>\n<p class=\"MsoNormal\" align=\"justify\"> Tak\u0105 ocen\u0105, \u017ce stawiaj\u0105 nam wymogi z kt\u00f3rych sami s\u0105 wyj\u0119ci podziela nawet ich komisja wenecka: <\/p>\n<p  align=\"center\"><img decoding=\"async\" src=\"http:\/\/www.dobrowol.org\/drobiazgi\/judiciary75.jpg\" alt=\"\" width=\"550\" border=\"0\" \/> <\/p>\n<p class=\"MsoNormal\" align=\"center\"><strong> \u0179r\u00f3d\u0142o: <\/strong> EUROPEAN COMMISSION FOR DEMOCRACY THROUGH LAW, CDL-AD(2007)028-e, Judicial Appointments \u2013 Report adopted by the Venice Commission at its 70th Plenary Session (Venice, 16-17 March 2007) <\/p>\n<p class=\"MsoNormal\" align=\"justify\"> Niekt\u00f3re pa\u0144stwa UE jak na przyk\u0142ad Niemcy od dekad stosuj\u0105 dok\u0142adnie takie mechanizmy, nominowania s\u0119dzi\u00f3w, o kt\u00f3rych stosowanie oskar\u017ca si\u0119 obecnie Polsk\u0119!   Ale im wolno bo jak sami m\u00f3wi\u0105: maj\u0105 kultur\u0119! <\/p>\n<p class=\"MsoNormal\" align=\"justify\"> W naukowych publikacjach autorzy niemieccy przyznaj\u0105, \u017ce ich o wiele bardziej upolityczniony wyb\u00f3r s\u0119dzi\u00f3w, z o wiele wi\u0119kszym wp\u0142ywem w\u0142adzy wykonawczej i prawodawczej ni\u017c w Polsce by\u0142 reakcj\u0105 na narodowy socjalizm: <\/p>\n<p  align=\"center\"><img decoding=\"async\" src=\"http:\/\/www.dobrowol.org\/drobiazgi\/judiciary94.jpg\" alt=\"\" width=\"550\" border=\"0\" \/> <\/p>\n<p class=\"MsoNormal\" align=\"center\"><strong> \u0179r\u00f3d\u0142o: <\/strong> Anne Sanders, Luc von Danwitz, Selecting Judges in Poland and Germany: Challenges to the Rule of law in Europe and Propositions for a new Approach to Judicial Legitimacy, Volume 19, Issue 4, 01 July 2018 , pp. 769-816  <\/p>\n<p class=\"MsoNormal\" align=\"justify\"> Ale zaraz dodaj\u0105, \u017ce im wolno, bo maj\u0105 \u2026kultur\u0119: <\/p>\n<p  align=\"center\"><img decoding=\"async\" src=\"http:\/\/www.dobrowol.org\/drobiazgi\/judiciary95.jpg\" alt=\"\" width=\"550\" border=\"0\" \/> <\/p>\n<p class=\"MsoNormal\" align=\"center\"><strong> \u0179r\u00f3d\u0142o: <\/strong> Anne Sanders, Luc von Danwitz, Selecting Judges in Poland and Germany: Challenges to the Rule of law in Europe and Propositions for a new Approach to Judicial Legitimacy, Volume 19, Issue 4, 01 July 2018 , pp. 769-816  <\/p>\n<p class=\"MsoNormal\" align=\"justify\"> Uzale\u017cnienie wyp\u0142aty \u015brodk\u00f3w z bud\u017cetu UE od wysoce uznaniowej oceny dokonywanej przez polityk\u00f3w jest niebezpieczne dla nas, naszej pozycji w UE i naszego rozwoju. Gdy b\u0119dziemy robi\u0107 co chc\u0105 Francuzi i Niemcy to b\u0119d\u0105 \u0142askawie wyplaca\u0107 nale\u017cne nam \u015brodki. A jak nie b\u0119dziemy, to pod byle pretekstem pozbawi\u0105 nas tych \u015brodk\u00f3w. <\/p>\n<p class=\"MsoNormal\" align=\"justify\"> B\u0119dzie to narz\u0119dzie nacisku i prze\u015bladowania pa\u0144stw znajduj\u0105cych si\u0119 w mniejszo\u015bci w danym momencie w organach UE. Politycy niemieccy otwartym tekstem ju\u017c g\u0142osz\u0105 potrzeb\u0119 finansowego zag\u0142odzenia Polski i W\u0119gier. <\/p>\n<p class=\"MsoNormal\" align=\"justify\"> Tym razem powinni\u015bmy dla odmiany negocjowa\u0107 twardo i nie godzi\u0107 si\u0119 na jakiekolwiek po\u0142\u0105czenie subiektywnych ocen z finansowaniem Polski. Ju\u017c odpu\u015bcili\u015bmy sobie znacznie wa\u017cniejsze kwestie wolnego przep\u0142ywu us\u0142ug. <a href=\"https:\/\/dobrowol.org\/blog\/2020\/02\/02\/srodki-unijne-pomocne-ale-rozwoju-nie-daja\/\" target=\"_blank\"> \u015arodki unijne s\u0105 pomocne ale rozwoju nie daj\u0105<\/a>, o wiele wa\u017cniejszy jest r\u00f3wny dost\u0119p do rynk\u00f3w UE. <\/p>\n<p class=\"MsoNormal\" align=\"justify\"> Teraz gdy ju\u017c odpu\u015bcili\u015bmy r\u00f3wny dost\u0119p do rynk\u00f3w UE powinni\u015bmy nie tylko: <\/p>\n<div style=\"padding-left:35px\">&#8211; zablokowa\u0107 bud\u017cet na odbudow\u0119 po COVID,<\/div>\n<div style=\"padding-left:35px\">&#8211; zablokowa\u0107 bud\u017cetu na kolejn\u0105 7-letni\u0105 perspektyw\u0119, ale te\u017c<\/div>\n<p><\/p>\n<p class=\"MsoNormal\" align=\"justify\"> dodatkowo w Sejmie przyj\u0105\u0107 uchwa\u0142\u0119, sugerowan\u0105 przez Tomasza Grosse: <\/p>\n<div style=\"padding-left:50px\">\n\u201e\u017ce je\u015bli instytucje UE &#8211; pomijaj\u0105c obowi\u0105zuj\u0105ce traktaty &#8211; b\u0119d\u0105 przyjmowa\u0107 procedury, kt\u00f3re mog\u0105 pozbawi\u0107 Rzeczpospolit\u0105 nale\u017cnych funduszy europejskich to mo\u017cliwe jest zawieszenie p\u0142acenia sk\u0142adki cz\u0142onkowskiej lub pomniejszenie tej sk\u0142adki o fundusze w ten spos\u00f3b odebrane.\u201d<\/div>\n<p><\/p>\n<p class=\"MsoNormal\" align=\"justify\"> Blokowanie dzia\u0142a\u0144 UE jest potrzebne by negocjowa\u0107 o Uni\u0119, gdzie do wszystkich pa\u0144stw przyk\u0142ada si\u0119 te same zasady. Nie potrafili\u015bmy zadba\u0107 o naszych kierowc\u00f3w i budowla\u0144c\u00f3w. Pozwolili\u015bmy Francuzom i Niemcom wbrew traktatowej zasadzie wolnego przep\u0142ywu us\u0142ug wypycha\u0107 naszych us\u0142ugodawc\u00f3w z zachodnioeuropejskich rynk\u00f3w to zadbajmy przynajmniej o sprawiedliwe regu\u0142y podzia\u0142u \u015brodk\u00f3w UE. <\/p>\n","protected":false},"excerpt":{"rendered":"<p>Najsilniejsze pa\u0144stwa unii oraz najwi\u0119ksze partie polityczne w parlamencie UE pod has\u0142em praworz\u0105dno\u015bci tworz\u0105 uznaniowy mechanizm nacisku na pa\u0144stwa b\u0119d\u0105ce w mniejszo\u015bci i przeciwnik\u00f3w politycznych. Dzia\u0142ania te z trosk\u0105 o praworz\u0105dno\u015b\u0107 maj\u0105 tyle wsp\u00f3lnego, co interwencje cara i kr\u00f3la pruskiego w obronie prze\u015bladowanych r\u00f3\u017cnowierc\u00f3w. Sprawa s\u0142uszna. Ale nadmuchana po to by dzia\u0142a\u0107 przeciw Polsce. Przy [&hellip;]<\/p>\n","protected":false},"author":1,"featured_media":0,"comment_status":"open","ping_status":"open","sticky":false,"template":"","format":"standard","meta":{"footnotes":""},"categories":[4,12,15],"tags":[],"class_list":{"0":"post-2382","1":"post","2":"type-post","3":"status-publish","4":"format-standard","6":"category-ekonomia-polityczna","7":"category-europa-ale-jaka","8":"category-gonic-cywilizacyjny-rdzen"},"_links":{"self":[{"href":"https:\/\/dobrowol.org\/blog\/wp-json\/wp\/v2\/posts\/2382","targetHints":{"allow":["GET"]}}],"collection":[{"href":"https:\/\/dobrowol.org\/blog\/wp-json\/wp\/v2\/posts"}],"about":[{"href":"https:\/\/dobrowol.org\/blog\/wp-json\/wp\/v2\/types\/post"}],"author":[{"embeddable":true,"href":"https:\/\/dobrowol.org\/blog\/wp-json\/wp\/v2\/users\/1"}],"replies":[{"embeddable":true,"href":"https:\/\/dobrowol.org\/blog\/wp-json\/wp\/v2\/comments?post=2382"}],"version-history":[{"count":7,"href":"https:\/\/dobrowol.org\/blog\/wp-json\/wp\/v2\/posts\/2382\/revisions"}],"predecessor-version":[{"id":2389,"href":"https:\/\/dobrowol.org\/blog\/wp-json\/wp\/v2\/posts\/2382\/revisions\/2389"}],"wp:attachment":[{"href":"https:\/\/dobrowol.org\/blog\/wp-json\/wp\/v2\/media?parent=2382"}],"wp:term":[{"taxonomy":"category","embeddable":true,"href":"https:\/\/dobrowol.org\/blog\/wp-json\/wp\/v2\/categories?post=2382"},{"taxonomy":"post_tag","embeddable":true,"href":"https:\/\/dobrowol.org\/blog\/wp-json\/wp\/v2\/tags?post=2382"}],"curies":[{"name":"wp","href":"https:\/\/api.w.org\/{rel}","templated":true}]}}