{"id":23,"date":"2006-07-27T18:54:36","date_gmt":"2006-07-27T18:54:36","guid":{"rendered":"http:\/\/dobrowol.org\/blog\/2006\/07\/27\/liberal-melduje-z-frontu-walki-z-kaczyzmem\/"},"modified":"2006-07-27T18:54:36","modified_gmt":"2006-07-27T18:54:36","slug":"liberal-melduje-z-frontu-walki-z-kaczyzmem","status":"publish","type":"post","link":"https:\/\/dobrowol.org\/blog\/2006\/07\/27\/liberal-melduje-z-frontu-walki-z-kaczyzmem\/","title":{"rendered":"Libera\u0142 melduje z frontu walki z kaczyzmem"},"content":{"rendered":"<p>&nbsp;<\/p>\n<p>W Polsce trwa wojna kulturowa o przysz\u0142y kszta\u0142t Polski. Z jednej strony mamy obskurantyzm i etatyzm.Z drugiej libera\u0142&oacute;w r&oacute;\u017cnego rodzaju.Stawk\u0105 tej wojny jest odpowied\u017a na pytanie jaka b\u0119dzie Polska.Czy zostaniemy wsp&oacute;lnot\u0105 r&oacute;wnych obywateli, kt&oacute;rzy \u017cyj\u0105 wed\u0142ug identycznych praw.Czy te\u017c staniemy si\u0119 k\u0142\u0119bowiskiem grup o r&oacute;\u017cnej sile politycznej, kt&oacute;re konkuruj\u0105 o rozdawane przez polityk&oacute;w przywileje.Czy ka\u017cdy b\u0119dzie \u017cy\u0142 wed\u0142ug w\u0142asnych przekona\u0144, czy te\u017c b\u0119dziemy nawzajem zwalcza\u0107 i narzuca\u0107 sobie swoje przekonania i wizje \u015bwiata <\/p>\n<p class=\"MsoNormal\">Po\u0142\u0105czone si\u0142y PISo-LPRo-Samoobrony chc\u0105 zamkn\u0105\u0107 handel w niedziel\u0119. <span>&nbsp;<\/span>Wed\u0142ug pos\u0142a Cyma\u0144skiego z PIS: &quot;niedziela to jednak dzie\u0144 \u015bwi\u0119ty i nale\u017ca\u0142oby j\u0105 jako\u015b inaczej uczci\u0107 ni\u017c chodzeniem do kina. Od\u015bwi\u0119tnie si\u0119 ubra\u0107, i\u015b\u0107 na spacer, by\u0107 z rodzin\u0105&quot;. <span>&nbsp;<\/span>A co z rodzinami, kt&oacute;re w d\u017cinsach razem chc\u0105 p&oacute;j\u015b\u0107 do kina? <span>&nbsp;<\/span>I niby dlaczego atei\u015bci w k\u0105piel&oacute;wkach maj\u0105 \u015bwi\u0119towa\u0107 katolick\u0105 niedziel\u0119 z mocy ustawy?  <\/p>\n<p class=\"MsoNormal\">Nadz&oacute;r bankowy, postawi\u0142 si\u0119 kaczystom gdy kaczy\u015bci chcieli zakaza\u0107 Unicredito przej\u0119cie BPH. By\u0142o to mo\u017cliwe poniewa\u017c politycy maj\u0105 tylko trzech na siedmiu cz\u0142onk&oacute;w Komisji Nadzoru Bankowego. <span>&nbsp;<\/span>Z zemsty i d\u0105\u017cenia do w\u0142adzy totalnej kaczy\u015bci tworz\u0105 nowy nadz&oacute;r zale\u017cny od polityk&oacute;w.<span>&nbsp; <\/span>Sze\u015bciu z siedmiu cz\u0142onk&oacute;w nowego organu b\u0119dzie powo\u0142ywanych bezpo\u015brednio przez prezydenta lub premiera.<span>&nbsp;<\/span>&nbsp; <\/p>\n<p class=\"MsoNormal\">Sp&oacute;\u0142dzielcze Kasy Oszcz\u0119dno\u015bciowo Kredytowe to ulubie\u0144cy kaczyst&oacute;w. <span>&nbsp;<\/span>Obawiam si\u0119, \u017ce ulubie\u0144cy za kt&oacute;rych przyjdzie w przysz\u0142o\u015bci p\u0142aci\u0107 podatnikom. <span>&nbsp;<\/span>Dzi\u015b bez echa przeszed\u0142 artykul w Gazecie Wyborczej o tym, \u017ce w jednym ze SKOK&oacute;w osoby na kierowniczych stanowiskach ukrad\u0142y co najmniej p&oacute;\u0142tora miliona z\u0142otych. <span>&nbsp;<\/span>Spraw\u0119 brakuj\u0105cych pieni\u0119dzy za\u0142atwiono \u0142\u0105cz\u0105c z\u0142odziejski SKOK z innym SKOKiem. <span>&nbsp;<\/span>Dziura przez to nie znik\u0142a, ale przynajmniej zyski z tego drugiego SKOKu pomog\u0105 j\u0105 zasypa\u0107. <span>&nbsp;<\/span>Je\u017celi jednak takich afer b\u0119dzie wi\u0119cej to zabraknie zdrowych SKOK&oacute;w, kt&oacute;re swoimi zyskami zasypi\u0105 dziury po rozkradzionych pieni\u0105dzach w innych SKOKach.<span>&nbsp; <\/span>A wtedy setki tysi\u0119cy oszcz\u0119dzaj\u0105cych w SKOKach b\u0119d\u0105 chcia\u0142y je odzyska\u0107 &#8230; i pewno dostan\u0105 z kieszeni podatnik&oacute;w.<\/p>\n<p class=\"MsoNormal\">Na razie same pora\u017cki.&nbsp; Na opozycj\u0119 nie licz\u0119.&nbsp; PO i wi\u0119dn\u0105ce SLD nie potrafi\u0105&nbsp; przeciwstawi\u0107 si\u0119 obskurantyzmowi i etatyzmowi psuj\u0105cemu moj\u0105 pi\u0119kn\u0105 Polsk\u0119.&nbsp; Na szcz\u0119\u015bcie m\u0142odzi Polacy coraz cz\u0119\u015bciej m&oacute;wi\u0105 basta, skrzykuj\u0105 si\u0119 przez sie\u0107 i ucz\u0105 si\u0119 razem co\u015b robi\u0107. Dzi\u015b na przyk\u0142ad znalaz\u0142em tak\u0105 fajn\u0105 stronk\u0119&#8230;.http:\/\/akcjaobywatelska.wordpress.com\/  <\/p>\n","protected":false},"excerpt":{"rendered":"<p>&nbsp; W Polsce trwa wojna kulturowa o przysz\u0142y kszta\u0142t Polski. Z jednej strony mamy obskurantyzm i etatyzm.Z drugiej libera\u0142&oacute;w r&oacute;\u017cnego rodzaju.Stawk\u0105 tej wojny jest odpowied\u017a na pytanie jaka b\u0119dzie Polska.Czy zostaniemy wsp&oacute;lnot\u0105 r&oacute;wnych obywateli, kt&oacute;rzy \u017cyj\u0105 wed\u0142ug identycznych praw.Czy te\u017c staniemy si\u0119 k\u0142\u0119bowiskiem grup o r&oacute;\u017cnej sile politycznej, kt&oacute;re konkuruj\u0105 o rozdawane przez polityk&oacute;w przywileje.Czy [&hellip;]<\/p>\n","protected":false},"author":2,"featured_media":0,"comment_status":"open","ping_status":"open","sticky":false,"template":"","format":"standard","meta":{"footnotes":""},"categories":[4],"tags":[],"class_list":{"0":"post-23","1":"post","2":"type-post","3":"status-publish","4":"format-standard","6":"category-ekonomia-polityczna"},"_links":{"self":[{"href":"https:\/\/dobrowol.org\/blog\/wp-json\/wp\/v2\/posts\/23","targetHints":{"allow":["GET"]}}],"collection":[{"href":"https:\/\/dobrowol.org\/blog\/wp-json\/wp\/v2\/posts"}],"about":[{"href":"https:\/\/dobrowol.org\/blog\/wp-json\/wp\/v2\/types\/post"}],"author":[{"embeddable":true,"href":"https:\/\/dobrowol.org\/blog\/wp-json\/wp\/v2\/users\/2"}],"replies":[{"embeddable":true,"href":"https:\/\/dobrowol.org\/blog\/wp-json\/wp\/v2\/comments?post=23"}],"version-history":[{"count":0,"href":"https:\/\/dobrowol.org\/blog\/wp-json\/wp\/v2\/posts\/23\/revisions"}],"wp:attachment":[{"href":"https:\/\/dobrowol.org\/blog\/wp-json\/wp\/v2\/media?parent=23"}],"wp:term":[{"taxonomy":"category","embeddable":true,"href":"https:\/\/dobrowol.org\/blog\/wp-json\/wp\/v2\/categories?post=23"},{"taxonomy":"post_tag","embeddable":true,"href":"https:\/\/dobrowol.org\/blog\/wp-json\/wp\/v2\/tags?post=23"}],"curies":[{"name":"wp","href":"https:\/\/api.w.org\/{rel}","templated":true}]}}