{"id":2113,"date":"2018-12-06T11:17:45","date_gmt":"2018-12-06T11:17:45","guid":{"rendered":"http:\/\/dobrowol.org\/blog\/?p=2113"},"modified":"2018-12-06T11:17:45","modified_gmt":"2018-12-06T11:17:45","slug":"polska-zla-polska-lideruje-w-emisji-co2-i-podgrzewa-swiat","status":"publish","type":"post","link":"https:\/\/dobrowol.org\/blog\/2018\/12\/06\/polska-zla-polska-lideruje-w-emisji-co2-i-podgrzewa-swiat\/","title":{"rendered":"Polska z\u0142a, Polska lideruje w emisji CO2 i podgrzewa \u015bwiat&#8230;"},"content":{"rendered":"<p class=\"MsoNormal\" align=\"justify\"> \u2026przynajmniej w wyobra\u017ani co poniekt\u00f3rych. Gdy si\u0119 jednak spojrzy w dane to jeste\u015bmy jednym z lider\u00f3w w redukcji emisji CO2 oraz zwi\u0119kszenia energetycznej wydajno\u015bci gospodarki. W ostatnich dekadach, zw\u0142aszcza w latach 1988-1991 dokonali\u015bmy jednego z wi\u0119kszych zmniejsze\u0144 emisji CO2: <\/p>\n<p><!--more--><\/p>\n<p><p  align=\"center\"><img decoding=\"async\" src=\"http:\/\/www.dobrowol.org\/drobiazgi\/srodowisko0001.jpg\" alt=\"\" width=\"450\" border=\"0\" \/> <\/p>\n<p class=\"MsoNormal\" align=\"center\"><strong> \u0179r\u00f3d\u0142o: <\/strong> Bank \u015awiatowy <\/p>\n<p class=\"MsoNormal\" align=\"justify\"> Nie do\u015b\u0107, \u017ce dokonali\u015bmy tak du\u017cej redukcji CO2, to na g\u0142ow\u0119 emitujemy mniej CO2, ni\u017c wiele pa\u0144stw uchodz\u0105cych za niesamowicie ekologiczne, jak np. Niemcy czy Norwegia: <\/p>\n<p><p  align=\"center\"><img decoding=\"async\" src=\"http:\/\/www.dobrowol.org\/drobiazgi\/srodowisko0002.jpg\" alt=\"\" width=\"450\" border=\"0\" \/> <\/p>\n<p class=\"MsoNormal\" align=\"center\"><strong> \u0179r\u00f3d\u0142o: <\/strong> Bank \u015awiatowy <\/p>\n<p class=\"MsoNormal\" align=\"justify\"> Gdy wzi\u0105\u0107 pa\u0144stwa szeroko rozumianego zachodu, to w przeliczeniu na g\u0142ow\u0119 jeste\u015bmy \u015brednim emitentem CO2:  <\/p>\n<p><p  align=\"center\"><img decoding=\"async\" src=\"http:\/\/www.dobrowol.org\/drobiazgi\/srodowisko0003.jpg\" alt=\"\" width=\"450\" border=\"0\" \/> <\/p>\n<p class=\"MsoNormal\" align=\"center\"><strong> \u0179r\u00f3d\u0142o: <\/strong> Bank \u015awiatowy <\/p>\n<p class=\"MsoNormal\" align=\"justify\"> Jak ju\u017c rodzimi po\u017cyteczni idioci oraz jurgieltnicy wyjd\u0105, ze zdziwienia (\u201cale jak to, przecie\u017c tacy niemieccy, tacy ekologiczni, wiatraki maj\u0105 i tacy zieloni\u201d) to wykrzykuj\u0105: ale przecie\u017c Niemcy maj\u0105 wi\u0119ksz\u0105 gospodark\u0119! <\/p>\n<p class=\"MsoNormal\" align=\"justify\"> Do gospodarki, za chwile dojdziemy. Ale pomy\u015bl co znaczy, stwierdzenie, \u017ce oni produkuj\u0105 wi\u0119cej to emituj\u0105 wi\u0119cej\u2026?   Bogaty mieszkaniec zachodu, z kimatyzacj\u0105 w lecie i ogrzewaniem w zimie, kt\u00f3ry ty\u0142ek do supermarketu autobahnem (cement i asfalt) wozi BMW, ma prawo bardziej podgrzewa\u0107 planet\u0119, ni\u017c tradycyjny afryka\u0144ski Buszmen, syberyjski Czukcza, czy Polak?!  Bo on jest bogaty, produkuje wi\u0119cej i wolno mu bardziej podgrzewa\u0107 planet\u0119! <\/p>\n<p class=\"MsoNormal\" align=\"justify\"> Wracaj\u0105c do PKB.  Mo\u017cna tworzy\u0107 miary intensywno\u015bci zu\u017cycia energii w tworzeniu PKB.  Ale nie ma mo\u017cliwo\u015bci dok\u0142adnego bezpo\u015bredniego por\u00f3wnania wydajno\u015bci energetycznej ca\u0142ych gospodarek. Zu\u017cycie energii zale\u017cy od wielu czynnik\u00f3w. Jak np. struktury gospodarki. Dla pa\u0144stw o wi\u0119kszym udziale energoch\u0142onnych bran\u017c wska\u017anik ten b\u0119dzie wy\u017cszy, nawet gdy ich sektor energoch\u0142onny jest energetycznie wydajny. Zu\u017cycie energii r\u00f3wnie\u017c zale\u017cy od klimatu, im cz\u0119\u015bciej i intensywniej trzeba ch\u0142odzi\u0107 lub grza\u0107 miejsca pracy i zamieszkania, tym wy\u017csze zu\u017cycie energii. Zale\u017cy te\u017c od przyzwyczaje\u0144 konsumenckich, gdyby mieszka\u0144cy Afryki czy Azji wykorzystywali klimatyzacj\u0119 i grzanie w takim samym stopniu jak np. mieszka\u0144cy USA, to dawno by\u015bmy w Polsce mieli klimat tropikalny. <\/p>\n<p class=\"MsoNormal\" align=\"justify\"> Ale przy ca\u0142ej niedoskona\u0142o\u015bci miar intensywno\u015bci energetycznej PKB, to dane wskazuj\u0105, \u017ce stali\u015bmy si\u0119 bardziej energooszcz\u0119dni ni\u017c przeci\u0119tna \u015bwiatowa i zbli\u017camy si\u0119 do wydajno\u015bci UE: <\/p>\n<p><p  align=\"center\"><img decoding=\"async\" src=\"http:\/\/www.dobrowol.org\/drobiazgi\/srodowisko0004.jpg\" alt=\"\" width=\"450\" border=\"0\" \/> <\/p>\n<p class=\"MsoNormal\" align=\"center\"><strong> \u0179r\u00f3d\u0142o: <\/strong> Bank \u015awiatowy <\/p>\n<p class=\"MsoNormal\" align=\"justify\"> Nawet w por\u00f3wnaniu do \u201eekologicznych\u201d Niemc\u00f3w jeste\u015bmy coraz bli\u017cej w wydajno\u015bci energetycznej tworzenia PKB: <\/p>\n<p><p  align=\"center\"><img decoding=\"async\" src=\"http:\/\/www.dobrowol.org\/drobiazgi\/srodowisko0005.jpg\" alt=\"\" width=\"450\" border=\"0\" \/> <\/p>\n<p class=\"MsoNormal\" align=\"center\"><strong> \u0179r\u00f3d\u0142o: <\/strong> Bank \u015awiatowy <\/p>\n<p class=\"MsoNormal\" align=\"justify\">S\u0105 jeszcze tacy, kt\u00f3rzy twierdz\u0105, \u017ce Niemcy celowo redukuj\u0105 emisj\u0119, a nam to wysz\u0142o przez przypadek.  Zzanim odpowiemy im: murzy\u0144sko\u015b\u0107! &#8212; warto ich spyta\u0107, czy planet\u0119 podgrzewa emisja CO2? Bo je\u015bli jednak emisja CO2, to my sw\u00f3j wk\u0142ad w redukcje CO2 wykonujemy. <\/p>\n<p class=\"MsoNormal\" align=\"justify\"> Tyle dane, na kanwie szczytu klimatycznego w Katowicach.  Jeszcze troch\u0119 o emocjach.  Wi\u0119kszo\u015bci opowiadaj\u0105cych bzdury, z gatunku Polska z\u0142a, a post\u0119powy Zach\u00f3d dobry, Polska gotuje matuszk\u0119 ziemi\u0119, a Zach\u00f3d ratuje, myl\u0105 dane o emisji CO2 z danymi o py\u0142ach zawieszonych w powietrzu. <\/p>\n<p class=\"MsoNormal\" align=\"justify\"> Oba zjawiska s\u0105 niedobre. Ale to CO2 podgrzewa, wed\u0142ug dzisiejszej wiedzy naukowej ziemie, a py\u0142y zawieszone przyczyniaj\u0105 si\u0119 do m.in. zachorowa\u0144 na raka.  Oburzenie na rakotw\u00f3rcze powietrze nie daje, self-hating-Polacks racji w temacie emisji CO2. Bo z emisjami CO2 i energetyczn\u0105 wydajno\u015bci\u0105 tworzenia PKB jest na wykresach wy\u017cej. Liderujemy \u015bwiatu w zmniejszaniu emisji CO2. <\/p>\n<p class=\"MsoNormal\" align=\"justify\"> Mamy jeszcze problem py\u0142\u00f3w zawieszonych. One te\u017c od lat spadaj\u0105. Ale ci\u0105gle s\u0105 za wysokie. Tu rozwi\u0105zaniem jest pozwoli\u0107 gminom decydowa\u0107, czym mo\u017cna pali\u0107 w domowych piecach oraz pozwoli\u0107 im kara\u0107 za \u0142amanie tych ogranicze\u0144.  Problem emisji py\u0142\u00f3w zawieszonych, jest problemem lokalnym, w najwi\u0119kszej cz\u0119\u015bci wynikaj\u0105cy z emisji poza przemys\u0142em.  W jednych miejscowo\u015bciach wi\u0119kszy, w innych mniejszy. Gminy te\u017c maj\u0105 lepsze rozeznanie ub\u00f3stwa energetycznego swoich mieszka\u0144c\u00f3w oraz w ich gestii s\u0105 inwestycji typu sie\u0107 ogrzewania, kt\u00f3re mo\u017ce zast\u0105pi\u0107 przydomowe kot\u0142y.  Ju\u017c dzi\u015b samorz\u0105dy tworz\u0105c plany zagospodarowania przestrzennego mog\u0105 ograniczy\u0107 \u017ar\u00f3d\u0142a ciep\u0142a w nowo budowanych domach. Rozszerzmy to prawo na istniej\u0105ce domy. <\/p>\n","protected":false},"excerpt":{"rendered":"<p>\u2026przynajmniej w wyobra\u017ani co poniekt\u00f3rych. Gdy si\u0119 jednak spojrzy w dane to jeste\u015bmy jednym z lider\u00f3w w redukcji emisji CO2 oraz zwi\u0119kszenia energetycznej wydajno\u015bci gospodarki. W ostatnich dekadach, zw\u0142aszcza w latach 1988-1991 dokonali\u015bmy jednego z wi\u0119kszych zmniejsze\u0144 emisji CO2:<\/p>\n","protected":false},"author":1,"featured_media":0,"comment_status":"open","ping_status":"open","sticky":false,"template":"","format":"standard","meta":{"footnotes":""},"categories":[23],"tags":[],"class_list":{"0":"post-2113","1":"post","2":"type-post","3":"status-publish","4":"format-standard","6":"category-wciskanie-smieciowego-kitu"},"_links":{"self":[{"href":"https:\/\/dobrowol.org\/blog\/wp-json\/wp\/v2\/posts\/2113","targetHints":{"allow":["GET"]}}],"collection":[{"href":"https:\/\/dobrowol.org\/blog\/wp-json\/wp\/v2\/posts"}],"about":[{"href":"https:\/\/dobrowol.org\/blog\/wp-json\/wp\/v2\/types\/post"}],"author":[{"embeddable":true,"href":"https:\/\/dobrowol.org\/blog\/wp-json\/wp\/v2\/users\/1"}],"replies":[{"embeddable":true,"href":"https:\/\/dobrowol.org\/blog\/wp-json\/wp\/v2\/comments?post=2113"}],"version-history":[{"count":2,"href":"https:\/\/dobrowol.org\/blog\/wp-json\/wp\/v2\/posts\/2113\/revisions"}],"predecessor-version":[{"id":2115,"href":"https:\/\/dobrowol.org\/blog\/wp-json\/wp\/v2\/posts\/2113\/revisions\/2115"}],"wp:attachment":[{"href":"https:\/\/dobrowol.org\/blog\/wp-json\/wp\/v2\/media?parent=2113"}],"wp:term":[{"taxonomy":"category","embeddable":true,"href":"https:\/\/dobrowol.org\/blog\/wp-json\/wp\/v2\/categories?post=2113"},{"taxonomy":"post_tag","embeddable":true,"href":"https:\/\/dobrowol.org\/blog\/wp-json\/wp\/v2\/tags?post=2113"}],"curies":[{"name":"wp","href":"https:\/\/api.w.org\/{rel}","templated":true}]}}