{"id":2094,"date":"2018-11-03T18:25:20","date_gmt":"2018-11-03T18:25:20","guid":{"rendered":"http:\/\/dobrowol.org\/blog\/?p=2094"},"modified":"2018-11-03T18:40:01","modified_gmt":"2018-11-03T18:40:01","slug":"uszczelnienie-podatkow-istotniejsze-od-transferow-z-ue","status":"publish","type":"post","link":"https:\/\/dobrowol.org\/blog\/2018\/11\/03\/uszczelnienie-podatkow-istotniejsze-od-transferow-z-ue\/","title":{"rendered":"Uszczelnienie podatk\u00f3w istotniejsze od transfer\u00f3w z UE"},"content":{"rendered":"<p class=\"MsoNormal\" align=\"justify\"> Dobrobyt bierze si\u0119 ze sprawczo\u015bci wsp\u00f3lnoty, a nie z zewn\u0119trznych transfer\u00f3w. Gdyby transfery z metropolii do peryferium by\u0142 podstaw\u0105 rozwoju, to po\u0142udnie USA, po\u0142udnie W\u0142och, czy wsch\u00f3d Niemiec by\u0142yby centrami dobrobytu, a nie peryferiami Zachodu. To sprawczo\u015b\u0107 pa\u0144stwa i spo\u0142ecze\u0144stwa daj\u0105 rozw\u00f3j.  Podstaw\u0105 sprawczo\u015bci wsp\u00f3lnoty jest zdolno\u015b\u0107 zbierania podatk\u00f3w i koncentrowanie ich na prorozwojowych celach s\u0142u\u017c\u0105cych mo\u017cliwe szerokim rzeszom obywateli. <\/p>\n<p><!--more--><\/p>\n<p class=\"MsoNormal\" align=\"justify\"> Uszczelnienie systemu podatkowego, co do sumy i istotno\u015bci jest znacznie wa\u017cniejsze dla naszego dobrobytu ni\u017c transfery z UE. Transfer \u015brodk\u00f3w z zewn\u0105trz mo\u017ce by\u0107 pomocny, ale nie b\u0119dzie decyduj\u0105cy dla naszego dobrobytu. Tak jak plan Marshalla da\u0142 Niemcom \u015brodki na odbudow\u0119 cz\u0119\u015bci zburzonej infrastruktury i \u0142agodzi\u0142 powojenn\u0105 bied\u0119. Tak dzisiejszy dobrobyt Niemcy wypracowali w\u0142asn\u0105 ci\u0119\u017ck\u0105 i dobrze zorganizowan\u0105 prac\u0105 w nowoczesnych bran\u017cach, kt\u00f3re sami rozwin\u0119li.  Podobnie w Polsce. Transfery z UE mog\u0105 cz\u0119\u015bciowo pom\u00f3c nam nadrobi\u0107 zap\u00f3\u017anienia infrastrukturalne, ale dobrobyt potrzebujemy wypracowa\u0107 sami. <\/p>\n<p class=\"MsoNormal\" align=\"justify\"> Bez uszczelnienia systemu podatkowego czeka\u0142aby nas zapa\u015b\u0107 pa\u0144stwa i spo\u0142ecze\u0144stwa.  A to, \u017ce na uszczelnienie podatk\u00f3w trzeba by\u0142o czeka\u0107 ponad pi\u0119\u0107 lat ka\u017ce pyta\u0107: gdzie ko\u0144czy si\u0119 nieudolno\u015b\u0107, a zaczyna krymina\u0142? Pytanie nie jest ekscesem retorycznym. Stoj\u0105 za nim konkretne pytania merytoryczne. Pytania wa\u017cne, bo w zale\u017cno\u015bci od szacunk\u00f3w i okresu, kt\u00f3rego dotycz\u0105, za rz\u0105d\u00f3w PO mafie uszczupla\u0142y wp\u0142ywy podatkowe codziennie na kwot\u0119 od 20 do 60 milion\u00f3w z\u0142otych! <\/p>\n<p class=\"MsoNormal\" align=\"justify\"> Pytam wi\u0119c, dlaczego za\u0142o\u017cenia projektu ustawy umo\u017cliwiaj\u0105ce wprowadzenie Jednolitego Pliku Kontrolnego zosta\u0142y przyj\u0119te przez Rad\u0119 Ministr\u00f3w dopiero w marcu 2014?!  Od 2009 wp\u0142ywy z VAT przesta\u0142y by\u0107 oczywist\u0105 funkcj\u0105 konsumpcji. Zacz\u0119\u0142a narasta\u0107 luka pomi\u0119dzy tym co s\u0142u\u017cby podatkowe powinny zebra\u0107, a tym co zebrano. Przecie\u017c ju\u017c w 2011 departamenty merytoryczne ministerstwa finans\u00f3w pozytywnie zaopiniowa\u0142y koncepcj\u0119 pliku kontrolnego! A zesp\u00f3\u0142 do opracowania za\u0142o\u017ce\u0144 i harmonogramu wdro\u017cenia JPK powo\u0142ano dopiero w czerwcu 2012!! <\/p>\n<p class=\"MsoNormal\" align=\"justify\"> Dlaczego konstrukcja JPK zaplanowana przez PO przewidywa\u0142a przesy\u0142anie danych do s\u0142u\u017cb podatkowych na \u017c\u0105danie organu podatkowego? Standardem w takich aplikacjach jest przesy\u0142anie danych do s\u0142u\u017cb skarbowych z automatu, co pozwala na analiz\u0119 du\u017cych zbior\u00f3w danych, by namierza\u0107 wy\u0142udzenia. Kto, kiedy i dlaczego podj\u0105\u0142 decyzj\u0119 o wdro\u017ceniu u\u0142omnego JPK? Obowi\u0105zek comiesi\u0119cznego przekazywania JPK przez podatnik\u00f3w wprowadzono ustaw\u0105 z maja 2016, ju\u017c za kolejnego rz\u0105du. <\/p>\n<p class=\"MsoNormal\" align=\"justify\"> Dlaczego dopiero w kwietniu 2014 \u00f3wczesne kierownictwo Ministerstwa Finans\u00f3w przyj\u0119\u0142o dokument p\/t \u201eDzia\u0142ania zwi\u0119kszaj\u0105ce stopie\u0144 przestrzegania przepis\u00f3w podatkowych i poprawiaj\u0105ce efektywno\u015b\u0107 administracji podatkowej w latach 2014-2017\u201d. Po pi\u0119ciu latach od pojawienia si\u0119 problemu! Przyj\u0119to plan dzia\u0142a\u0144 dla nast\u0119pnego rz\u0105du. <\/p>\n<p class=\"MsoNormal\" align=\"justify\"> Pomimo tych zaniedba\u0144 uszczelnienie si\u0119 uda\u0142o. Cho\u0107 jeszcze niedawno dzisiejsza opozycja kwestionowa\u0142a sam fakt uszczelnienia podatk\u00f3w. Gdy uszczelnienie sta\u0142o si\u0119 oczywiste, kwestionowa\u0142a jego skal\u0119. Obecnie, gdy skala uszczelnienia staje si\u0119 jasna, bo z ka\u017cdym dniem, miesi\u0105cem, kwarta\u0142em wp\u0142ywaj\u0105 do bud\u017cetu podatki, kt\u00f3re wcze\u015bniej krad\u0142y mafie podatkowe, opozycja kwestionuje istotno\u015b\u0107 uszczelnienia podatk\u00f3w.  <\/p>\n<p class=\"MsoNormal\" align=\"justify\"> Ot\u00f3\u017c sprawczo\u015b\u0107 pa\u0144stwa w zbieraniu podatk\u00f3w, jest podstaw\u0105 rozwoju. \u017badne zewn\u0119trzne transfery nie zast\u0105pi\u0105 nam sprawno\u015bci w\u0142asnego aparatu podatkowego. Dobrze, \u017ce \u015brodki z UE pozwoli\u0142y unowocze\u015bni\u0107 sie\u0107 dr\u00f3g. Cho\u0107 mo\u017cna si\u0119 zastanawia\u0107, czy kilka mega stadion\u00f3w w kraju na dorobku to by\u0142a gospodarna inwestycja.  Ale rozw\u00f3j b\u0119dziemy mieli, gdy pa\u0144stwo i spo\u0142ecze\u0144stwo wypracuj\u0105 konieczne umiej\u0119tno\u015bci. Jak sprawny pob\u00f3r podatk\u00f3w, w wysoko\u015bci nieograniczaj\u0105cej wzrostu. Jak wyb\u00f3r najwa\u017cniejszych cel\u00f3w rozwojowych i osi\u0105gania ich ograniczonymi \u015brodkami. Jak kompensowanie dolegliwo\u015bci chwilowym relatywnym przegranym rozwoju, by czuli \u017ce bogacenie si\u0119 wsp\u00f3lnoty ich te\u017c wzbogaci, tak jednak by nie odbiera\u0107 im motywacji do pracy. Jak rozliczanie w\u0142adzy ze zbierania i wydawania \u015brodk\u00f3w. <\/p>\n<p class=\"MsoNormal\" align=\"justify\"> Wiele wskazuje, \u017ce obfito\u015b\u0107 transfer\u00f3w z zewn\u0105trz, cz\u0119sto rozbija procesy spo\u0142eczne, kt\u00f3re s\u0105 konieczne do nabycia takich umiej\u0119tno\u015bci.  Wsp\u00f3lnota na kropl\u00f3wce zewn\u0119trznych transfer\u00f3w zamiast uczy\u0107 si\u0119 jak generowa\u0107 rozw\u00f3j, koncentruje si\u0119 na wypracowaniu doj\u015bcia do \u015brodk\u00f3w z transfer\u00f3w, dzieli si\u0119 na grupy i podgrupy rozwijaj\u0105ce umiej\u0119tno\u015bci wyszarpania dost\u0119pu do ja\u0142mu\u017cny, a jej decydenci usadowiaj\u0105 si\u0119 w pozycji rozdaj\u0105cych i rozliczaj\u0105cych zewn\u0119trzne \u015brodki. <\/p>\n<p class=\"MsoNormal\" align=\"justify\"> Mamy do wyboru albo inwestowa\u0107 w sprawczo\u015b\u0107 wsp\u00f3lnoty, albo pozorowa\u0107 rozw\u00f3j widowiskowymi inwestycjami finansowanymi z zewn\u0119trznych transfer\u00f3w. Tak, \u015brodki z UE s\u0105 przydatne, ale zbytnie przyk\u0142adanie do nich wagi, wp\u0119dzi nas w stagnacj\u0119. Lepiej inwestowa\u0107 w sprawczo\u015b\u0107 naszej wsp\u00f3lnoty, ni\u017c uzale\u017cni\u0107 si\u0119 od zewn\u0119trznych dotacji i hodowa\u0107 rodzimy kult cargo. <\/p>\n","protected":false},"excerpt":{"rendered":"<p>Dobrobyt bierze si\u0119 ze sprawczo\u015bci wsp\u00f3lnoty, a nie z zewn\u0119trznych transfer\u00f3w. Gdyby transfery z metropolii do peryferium by\u0142 podstaw\u0105 rozwoju, to po\u0142udnie USA, po\u0142udnie W\u0142och, czy wsch\u00f3d Niemiec by\u0142yby centrami dobrobytu, a nie peryferiami Zachodu. To sprawczo\u015b\u0107 pa\u0144stwa i spo\u0142ecze\u0144stwa daj\u0105 rozw\u00f3j. Podstaw\u0105 sprawczo\u015bci wsp\u00f3lnoty jest zdolno\u015b\u0107 zbierania podatk\u00f3w i koncentrowanie ich na prorozwojowych celach [&hellip;]<\/p>\n","protected":false},"author":1,"featured_media":0,"comment_status":"open","ping_status":"open","sticky":false,"template":"","format":"standard","meta":{"footnotes":""},"categories":[12,15,42],"tags":[],"class_list":{"0":"post-2094","1":"post","2":"type-post","3":"status-publish","4":"format-standard","6":"category-europa-ale-jaka","7":"category-gonic-cywilizacyjny-rdzen","8":"category-podatki"},"_links":{"self":[{"href":"https:\/\/dobrowol.org\/blog\/wp-json\/wp\/v2\/posts\/2094","targetHints":{"allow":["GET"]}}],"collection":[{"href":"https:\/\/dobrowol.org\/blog\/wp-json\/wp\/v2\/posts"}],"about":[{"href":"https:\/\/dobrowol.org\/blog\/wp-json\/wp\/v2\/types\/post"}],"author":[{"embeddable":true,"href":"https:\/\/dobrowol.org\/blog\/wp-json\/wp\/v2\/users\/1"}],"replies":[{"embeddable":true,"href":"https:\/\/dobrowol.org\/blog\/wp-json\/wp\/v2\/comments?post=2094"}],"version-history":[{"count":2,"href":"https:\/\/dobrowol.org\/blog\/wp-json\/wp\/v2\/posts\/2094\/revisions"}],"predecessor-version":[{"id":2096,"href":"https:\/\/dobrowol.org\/blog\/wp-json\/wp\/v2\/posts\/2094\/revisions\/2096"}],"wp:attachment":[{"href":"https:\/\/dobrowol.org\/blog\/wp-json\/wp\/v2\/media?parent=2094"}],"wp:term":[{"taxonomy":"category","embeddable":true,"href":"https:\/\/dobrowol.org\/blog\/wp-json\/wp\/v2\/categories?post=2094"},{"taxonomy":"post_tag","embeddable":true,"href":"https:\/\/dobrowol.org\/blog\/wp-json\/wp\/v2\/tags?post=2094"}],"curies":[{"name":"wp","href":"https:\/\/api.w.org\/{rel}","templated":true}]}}