{"id":1787,"date":"2017-08-31T07:04:27","date_gmt":"2017-08-31T07:04:27","guid":{"rendered":"http:\/\/dobrowol.org\/blog\/?p=1787"},"modified":"2017-09-17T13:36:39","modified_gmt":"2017-09-17T13:36:39","slug":"pytania-do-komisji-sledczej-ws-vat","status":"publish","type":"post","link":"https:\/\/dobrowol.org\/blog\/2017\/08\/31\/pytania-do-komisji-sledczej-ws-vat\/","title":{"rendered":"Pytania do komisji \u015bledczej ws. VAT"},"content":{"rendered":"<p class=\"MsoNormal\" align=\"justify\"> Opozycja twierdzi, \u017ce komisja \u015bledcza w sprawie wy\u0142udze\u0144 VAT nie jest potrzebna. Bo nic si\u0119 nie dowiemy. Bo wszystko wiadomo. Bo hucpa. Ot\u00f3\u017c ja nie wiem. I prosz\u0119 o odpowied\u017a na poni\u017csze pytania: <\/p>\n<p><!--more--><\/p>\n<p class=\"MsoNormal\" align=\"justify\"> <strong> 1. <\/strong> Kiedy kierownictwo Ministerstwa Finans\u00f3w odnotowa\u0142o gwa\u0142towne narastanie luki VAT wynikaj\u0105ce z wy\u0142udze\u0144 VAT? <\/p>\n<p class=\"MsoNormal\" align=\"justify\"> <strong> 2. <\/strong> Kiedy, jakie i z jakim skutkiem dzia\u0142ania podj\u0119to w kierownictwie Ministerstwa Finans\u00f3w przeciwdzia\u0142aj\u0105ce narastaniu luki VAT? <\/p>\n<p class=\"MsoNormal\" align=\"justify\"> <strong> 3. <\/strong>  Kiedy kierownictwo Ministerstwa Finans\u00f3w odnotowa\u0142o, \u017ce sektor paliwowy jest wiod\u0105cym \u017ar\u00f3d\u0142em uszczuple\u0144 podatku VAT? <\/p>\n<p class=\"MsoNormal\" align=\"justify\"><strong>  4. <\/strong> Kiedy, jakie i z jakim skutkiem podj\u0119to w kierownictwie Ministerstwa Finans\u00f3w dzia\u0142ania przeciwdzia\u0142aj\u0105ce narastaniu luki VAT w sektorze paliwowym? <\/p>\n<p class=\"MsoNormal\" align=\"justify\"><strong>  5. <\/strong>  Kiedy zacz\u0119to prace nad Jednolitym Plikiem Kontrolnym? <\/p>\n<p class=\"MsoNormal\" align=\"justify\"><strong>  6. <\/strong>  Dlaczego tak d\u0142ugo zaj\u0119\u0142o wdro\u017cenie JPK? <\/p>\n<p class=\"MsoNormal\" align=\"justify\"> <strong> 7. <\/strong> Dlaczego za\u0142o\u017cenia projektu ustawy umo\u017cliwiaj\u0105ce wprowadzenie JPK zosta\u0142y przyj\u0119te przez Rad\u0119 Ministr\u00f3w dopiero w marcu 2014 r. <\/p>\n<p class=\"MsoNormal\" align=\"justify\"> Od 2009 wp\u0142ywy z VAT przesta\u0142y by\u0107 oczywist\u0105 funkcj\u0105 konsumpcji. Zacz\u0119\u0142a narasta\u0107 luka pomi\u0119dzy tym co s\u0142u\u017cby podatkowe powinny zebra\u0107, a tym co zosta\u0142o zebrane. OK rozumiem, w 2009 gospodarka hamowa\u0142a, rosn\u0105c\u0105 luk\u0119 mo\u017cna by\u0142o zwali\u0107 na spowolnienie i przeoczy\u0107 narastaj\u0105ce wy\u0142udzenia. <\/p>\n<p class=\"MsoNormal\" align=\"justify\"> A w 2010? Od 2010 w obliczu spadku dochod\u00f3w z VAT r. zacz\u0119to stopniowo rozszczelnia\u0107 przepisy o VAT! Cze\u015b\u0107 tych zmian mo\u017cna, by rozumie\u0107 jako u\u0142atwienie dla przedsi\u0119biorc\u00f3w. Ale zupe\u0142nie niezrozumia\u0142y jest cel zmiany umo\u017cliwiaj\u0105cej du\u017cym podatnikom sk\u0142adanie kwartalnych deklaracji VAT zamiast deklaracji miesi\u0119cznych. Kwartalne sk\u0142adanie deklaracji, by\u0142o u\u0142atwieniem dla jednoosobowych dzia\u0142alno\u015bci i ma\u0142ych przedsi\u0119biorc\u00f3w. Pozwala\u0142o im wype\u0142nia\u0107 deklaracje VAT cztery razy w roku, zamiast dwana\u015bcie razy.  Jednak przyzwolenie na sk\u0142adania deklaracji kwartalnych przez og\u00f3\u0142 podatnik\u00f3w oznacza\u0142o, ze oszu\u015bci podatkowi dzia\u0142aj\u0105cy na du\u017c\u0105 skal\u0119 musieli sk\u0142ada\u0107 informacje do s\u0142u\u017cb skarbowych dopiero w 4 miesi\u0105cu przest\u0119pczej dzia\u0142alno\u015bci, a w mi\u0119dzy czasie bieg\u0142y termin na zwrot VAT o ktore wyst\u0119pywali przest\u0119pcy.<\/p>\n<p class=\"MsoNormal\" align=\"justify\"> Podobnie niezrozumia\u0142y jest cel ograniczenia sankcji karnych w przepisach podatkowych. Dla uczciwych przedsi\u0119biorc\u00f3w problemem s\u0105 zmieniaj\u0105ce si\u0119 przepisy i ich interpretacje.  Kary za przest\u0119pstwa podatkowe, w obliczu s\u0142abych s\u0105d\u00f3w wydaj\u0105cych formalistyczne wyroki w oderwaniu od meritum sprawy, s\u0105 sporym ryzykiem dla uczciwych, ale nie s\u0105 fundamentalnym problemem codziennej dzia\u0142alno\u015bci gospodarczej. <\/p>\n<p class=\"MsoNormal\" align=\"justify\"> W 2011? W 2011 podwy\u017cszono stawki VAT co da\u0142o wzrost wp\u0142yw\u00f3w. Nadal jednak by\u0142 problem ze zbieraniem dochod\u00f3w VAT zgodnych z obowi\u0105zuj\u0105cymi stawkami i poziomem aktywno\u015bci gospodarczej. Deficyt troch\u0119 si\u0119 zmniejszy\u0142, bo podwy\u017cszono VAT. Po za tym w 2011 by\u0142y wybory, wi\u0119c kto by si\u0119 przejmowa\u0142 podatkami. <\/p>\n<p class=\"MsoNormal\" align=\"justify\"> W 2012? Jacek Rostowski skoncentrowa\u0142 si\u0119 na tw\u00f3rczej ksi\u0119gowo\u015bci. Zmian\u0105 prawa zwroty VAT przypisane do grudnia 2012 przypisa\u0142 do 2013. <\/p>\n<p class=\"MsoNormal\" align=\"justify\"> W 2013? Nie wiem co robili w 2013. Ch\u0119tnie si\u0119 dowiem. <\/p>\n<p class=\"MsoNormal\" align=\"justify\"> Dopiero w kwietniu 2014 kierownictwo MinFin przyj\u0119\u0142o dokument p\/t \u201eDzia\u0142ania zwi\u0119kszaj\u0105ce stopie\u0144 przestrzegania przepis\u00f3w podatkowych i poprawiaj\u0105ce efektywno\u015b\u0107 administracji podatkowej w latach 2014-2017\u201d.  Po pi\u0119ciu latach od pojawienia si\u0119 problemu! Przyj\u0119to plan dzia\u0142a\u0144 dla nast\u0119pnego rz\u0105du. Na swoj\u0105 kadencj\u0119 przewidzieli og\u0142oszenie i zaplanowanie dzia\u0142a\u0144, ale ich dostarczenie by\u0142o zaplanowane na kadencj\u0119 nast\u0119pnego rz\u0105du. <\/p>\n<p class=\"MsoNormal\" align=\"justify\"> \u017beby by\u0142o jasne \u017cadne pa\u0144stwo na \u015bwiecie nie zbiera wszystkich przewidzianych prawem podatk\u00f3w. Czasem przedsi\u0119biorcy zbankrutuj\u0105 i nie ma z czego. Czasem ludzie kombinuj\u0105 zgodnie z prawem, a czasem przekraczaj\u0105 prawo. Ale u nas luka VAT si\u0119gn\u0119\u0142a 3% PKB, t.j. ok 50 miliard\u00f3w z\u0142otych rocznie!  Zak\u0142adaj\u0105c, \u017ce do uszczelnienia jest tylko do po\u0142owy tej kwoty, to i tak mamy coroczn\u0105 strat\u0119 na poziomie 10-25 miliard\u00f3w!! <\/p>\n<p class=\"MsoNormal\" align=\"justify\"> Przyjmijmy jak chce opozycja, \u017ce problem jest wyolbrzymiony i tracili\u015bmy rocznie \u201etylko\u201d 10 miliard\u00f3w. To jest utrata ponad 800 milion\u00f3w miesi\u0119cznie! To jest utrata oko\u0142o 200 milion\u00f3w tygodniowo! To jest utrata oko\u0142o 30 milion\u00f3w dziennie! Taki poziom uszczuple\u0144 podatkowych wymaga dzia\u0142a\u0144 natychmiastowych.  Jednak nie s\u0142ysza\u0142em o \u017cadnych nadzwyczajnych dzia\u0142aniach przez lata rz\u0105d\u00f3w PO. Wi\u0119c ch\u0119tnie si\u0119 dowiem, co robiono. <\/p>\n<p class=\"MsoNormal\" align=\"justify\"> O paliwa pytam, bo ju\u017c \u201eSprawozdanie kontrola skarbowa w 2013\u201d (KS2\/8501\/7\/JRS\/2014) wskazuje, \u017ce obszarem szczeg\u00f3lnie nara\u017conym na ryzyko wyst\u0105pienia nieprawid\u0142owo\u015bci podatkowych jest sektor paliw: <\/p>\n<p  align=\"center\"><img loading=\"lazy\" decoding=\"async\" src=\"http:\/\/www.dobrowol.org\/drobiazgi\/podatki004.jpg\" alt=\"\" width=\"450\" height=\"350\" border=\"0\" \/><\/p>\n<p class=\"MsoNormal\" align=\"center\"> <strong> \u0179r\u00f3d\u0142o: <\/strong> \u201eSprawozdanie kontrola skarbowa w 2013\u201d<\/p>\n<p class=\"MsoNormal\" align=\"justify\"> Ciekaw jestem kiedy kierownictwo Ministerstwa Finans\u00f3w mia\u0142o t\u0119 \u015bwiadomo\u015b\u0107. I kiedy, jakie i z jakim skutkiem dzia\u0142ania podj\u0119\u0142o?  Bo dziwi mnie, \u017ce na dzia\u0142ania z pakietu paliwowego i energetycznego trzeba by\u0142o czeka\u0107, a\u017c do sierpnia i wrze\u015bnia 2016. <\/p>\n<p class=\"MsoNormal\" align=\"justify\"> Pozwoli\u0142em sobie w pytaniu o JPK postawi\u0107 tez\u0119 o tym, \u017ce trwa\u0142o to zbyt d\u0142ugo, m.in. po lekturze wyst\u0105pienia pokontrolnego NIK (KBF-4101-07-01\/2013 P\/13\/042), kt\u00f3re opisuje niespieszny tryb pracy nad JPK: <\/p>\n<p  align=\"center\"><img loading=\"lazy\" decoding=\"async\" src=\"http:\/\/www.dobrowol.org\/drobiazgi\/podatki005.jpg\" alt=\"\" width=\"450\" height=\"350\" border=\"0\" \/><\/p>\n<p class=\"MsoNormal\" align=\"justify\"> Dlaczego JPK pozytywnie merytorycznie zaopiniowano w grudniu 2011, a zesp\u00f3\u0142 do opracowania za\u0142o\u017ce\u0144 i harmonogramu powo\u0142ano dopiero w czerwcu 2012?  Dlaczego prace nad za\u0142o\u017ceniem i harmonogramem trwa\u0142y a\u017c do listopada 2012? My co dzie\u0144 tracili\u015bmy co najmniej 30 milion\u00f3w z\u0142otych! Naprawd\u0119 nie da\u0142o si\u0119 szybciej?  Dlaczego harmonogram wdro\u017cenia modelu trwaj\u0105cego od 2012, zak\u0142ada\u0142 przygotowanie prototypu aplikacji i przeprowadzenie test\u00f3w dopiero w 2014?! <\/p>\n<p class=\"MsoNormal\" align=\"justify\"> Ja nie wiem, gdzie ko\u0144czy si\u0119 niekompetencja, a zaczyna dzia\u0142alno\u015b\u0107 przest\u0119pcza. Ale w sytuacji, gdy podatnicy corocznie trac\u0105 po kilkadziesi\u0105t miliard\u00f3w z\u0142otych, prace nad uszczelnieniem systemu podatkowego powinny trwa\u0107 dzie\u0144 i noc! Co robi\u0142 Rostowski i jego wiceministrowie dzie\u0144 po dniu i ile z tych dzia\u0142a\u0144 dotyczy\u0142o uszczelnienia podatk\u00f3w? Wi\u0119c droga opozycjo, zamiast wy\u015bmiewa\u0107 powo\u0142anie komisje \u015bledczej ws. uszczuple\u0144 VAT daj nam odpowiedzi na powy\u017csze pytania\u2026<\/p>\n","protected":false},"excerpt":{"rendered":"<p>Opozycja twierdzi, \u017ce komisja \u015bledcza w sprawie wy\u0142udze\u0144 VAT nie jest potrzebna. Bo nic si\u0119 nie dowiemy. Bo wszystko wiadomo. Bo hucpa. Ot\u00f3\u017c ja nie wiem. I prosz\u0119 o odpowied\u017a na poni\u017csze pytania:<\/p>\n","protected":false},"author":1,"featured_media":0,"comment_status":"open","ping_status":"open","sticky":false,"template":"","format":"standard","meta":{"footnotes":""},"categories":[4,42],"tags":[],"class_list":{"0":"post-1787","1":"post","2":"type-post","3":"status-publish","4":"format-standard","6":"category-ekonomia-polityczna","7":"category-podatki"},"_links":{"self":[{"href":"https:\/\/dobrowol.org\/blog\/wp-json\/wp\/v2\/posts\/1787","targetHints":{"allow":["GET"]}}],"collection":[{"href":"https:\/\/dobrowol.org\/blog\/wp-json\/wp\/v2\/posts"}],"about":[{"href":"https:\/\/dobrowol.org\/blog\/wp-json\/wp\/v2\/types\/post"}],"author":[{"embeddable":true,"href":"https:\/\/dobrowol.org\/blog\/wp-json\/wp\/v2\/users\/1"}],"replies":[{"embeddable":true,"href":"https:\/\/dobrowol.org\/blog\/wp-json\/wp\/v2\/comments?post=1787"}],"version-history":[{"count":2,"href":"https:\/\/dobrowol.org\/blog\/wp-json\/wp\/v2\/posts\/1787\/revisions"}],"predecessor-version":[{"id":1789,"href":"https:\/\/dobrowol.org\/blog\/wp-json\/wp\/v2\/posts\/1787\/revisions\/1789"}],"wp:attachment":[{"href":"https:\/\/dobrowol.org\/blog\/wp-json\/wp\/v2\/media?parent=1787"}],"wp:term":[{"taxonomy":"category","embeddable":true,"href":"https:\/\/dobrowol.org\/blog\/wp-json\/wp\/v2\/categories?post=1787"},{"taxonomy":"post_tag","embeddable":true,"href":"https:\/\/dobrowol.org\/blog\/wp-json\/wp\/v2\/tags?post=1787"}],"curies":[{"name":"wp","href":"https:\/\/api.w.org\/{rel}","templated":true}]}}