{"id":1772,"date":"2017-08-19T09:38:38","date_gmt":"2017-08-19T09:38:38","guid":{"rendered":"http:\/\/dobrowol.org\/blog\/?p=1772"},"modified":"2017-08-27T05:40:55","modified_gmt":"2017-08-27T05:40:55","slug":"antyeuropejska-stara-unia-europejska","status":"publish","type":"post","link":"https:\/\/dobrowol.org\/blog\/2017\/08\/19\/antyeuropejska-stara-unia-europejska\/","title":{"rendered":"Antyeuropejska stara Unia Europejska"},"content":{"rendered":"<p class=\"MsoNormal\" align=\"justify\"> Kt\u00f3re pa\u0144stwo UE w ostatnich czterech latach odnotowa\u0142o najg\u0142\u0119bsze pogorszenie salda handlu us\u0142ug?  To samo, kt\u00f3re od kilku lat najg\u0142o\u015bniej krzyczy o rzekomym dumpingu socjalnym: Francja. <\/p>\n<p><!--more--><\/p>\n<p class=\"MsoNormal\" align=\"justify\"> Nasz region i szerzej peryferia Europy maj\u0105 w us\u0142ugach saldo dodatnie i raczej rosn\u0105ce. Wschodnie peryferia maj\u0105 dodatnie saldo, bo rozwin\u0119\u0142y eksport us\u0142ug, a po\u0142udniowe peryferia w du\u017cej mierze ze wzgl\u0119du na turystyk\u0119.  Natomiast zachodni rdze\u0144 UE w us\u0142ugach ma saldo raczej ujemne.  Od 2012 najwi\u0119ksze pogorszenie salda w us\u0142ugach jest we Francji.  Szerzej patrz\u0105c, w latach 2012-2016 trzy pa\u0144stwa, kt\u00f3re mia\u0142y najwi\u0119ksze pogorszenie salda us\u0142ug to Francja Belgia i Dania.  A trzy pa\u0144stwa, kt\u00f3re w tym samym okresie mia\u0142y najwi\u0119ksz\u0105 popraw\u0119 salda us\u0142ug to W\u0119gry, Rumunia i Polska: <\/p>\n<p  align=\"center\"><img loading=\"lazy\" decoding=\"async\" src=\"http:\/\/www.dobrowol.org\/drobiazgi\/europaalejaka26.jpg\" alt=\"\" width=\"450\" height=\"350\" border=\"0\" \/><\/p>\n<p class=\"MsoNormal\" align=\"center\"> <strong> \u0179r\u00f3d\u0142o: <\/strong> Eurostat <\/p>\n<p class=\"MsoNormal\" align=\"center\">  tu masz <a href=\"http:\/\/www.dobrowol.org\/drobiazgi\/europe_socialdumping_rachunekbiezacysalduuslug.xlsx\" target=\"_blank\"> link do pliku <\/a>, gdzie jest ca\u0142a tabela z danymi dla wszystkich pa\u0144stw. <\/p>\n<p class=\"MsoNormal\" align=\"justify\"> Spojrzyj jeszcze na saldo pracownik\u00f3w delegowanych dla Francji w latach 2010-2015: <\/p>\n<p  align=\"center\"><img loading=\"lazy\" decoding=\"async\" src=\"http:\/\/www.dobrowol.org\/drobiazgi\/europaalejaka27.jpg\" alt=\"\" width=\"450\" height=\"350\" border=\"0\" \/><\/p>\n<p class=\"MsoNormal\" align=\"center\"> <strong> \u0179r\u00f3d\u0142o: <\/strong> Komisja Europejska <\/p>\n<p class=\"MsoNormal\" align=\"justify\"> W latach 2010-11 Francja delegowa\u0142a do innych pa\u0144stw (blado fioletowe s\u0142upki) wi\u0119cej pracownik\u00f3w  ni\u017c sama otrzymywa\u0142a (niebieskie s\u0142upki). Gdy w 2012 Francuzi zaczeli przyjmowa\u0107 wi\u0119cej pracownik\u00f3w ni\u017c delegowa\u0107, to nagle delegowanie pracownik\u00f3w i przep\u0142yw us\u0142ug sta\u0142y si\u0119 \u201edumpingiem socjalnym\u201d. <\/p>\n<p class=\"MsoNormal\" align=\"justify\"> \u017beby by\u0142o jasne: dane o delegowaniu to tylko wyimek migracji za prac\u0105 w UE. Migracja mo\u017ce mie\u0107 posta\u0107 codziennych lub cotygodniowych wyjazd\u00f3w do pracy za granic\u0105 (my\u015bl W\u0119gry i Austria), delegowanie na podstawie przepis\u00f3w UE, lub zwyk\u0142ej przeprowadzki na d\u0142u\u017cszy czas do kraju, gdzie podejmuje si\u0119 prac\u0119. <\/p>\n<p class=\"MsoNormal\" align=\"justify\"> Ale je\u015bli si\u0119 zastanawia\u0142e\u015b, dlaczego w Brukseli tak krzycz\u0105 o \u201edumpingu socjalnym\u201d, to teraz ju\u017c wiesz. Je\u015bli z peryferi\u00f3w mamy przesuwa\u0107 si\u0119 do rdzenia potrzebujemy nieust\u0119pliwie walczy\u0107 o wolno\u015b\u0107 przep\u0142ywu us\u0142ug. Bo to w ko\u0144cu jedna z czterech wolno\u015bci na, kt\u00f3rych ufundowany zosta\u0142 wsp\u00f3lny rynek UE.<\/p>\n","protected":false},"excerpt":{"rendered":"<p>Kt\u00f3re pa\u0144stwo UE w ostatnich czterech latach odnotowa\u0142o najg\u0142\u0119bsze pogorszenie salda handlu us\u0142ug? To samo, kt\u00f3re od kilku lat najg\u0142o\u015bniej krzyczy o rzekomym dumpingu socjalnym: Francja.<\/p>\n","protected":false},"author":1,"featured_media":0,"comment_status":"open","ping_status":"open","sticky":false,"template":"","format":"standard","meta":{"footnotes":""},"categories":[12],"tags":[],"class_list":{"0":"post-1772","1":"post","2":"type-post","3":"status-publish","4":"format-standard","6":"category-europa-ale-jaka"},"_links":{"self":[{"href":"https:\/\/dobrowol.org\/blog\/wp-json\/wp\/v2\/posts\/1772","targetHints":{"allow":["GET"]}}],"collection":[{"href":"https:\/\/dobrowol.org\/blog\/wp-json\/wp\/v2\/posts"}],"about":[{"href":"https:\/\/dobrowol.org\/blog\/wp-json\/wp\/v2\/types\/post"}],"author":[{"embeddable":true,"href":"https:\/\/dobrowol.org\/blog\/wp-json\/wp\/v2\/users\/1"}],"replies":[{"embeddable":true,"href":"https:\/\/dobrowol.org\/blog\/wp-json\/wp\/v2\/comments?post=1772"}],"version-history":[{"count":6,"href":"https:\/\/dobrowol.org\/blog\/wp-json\/wp\/v2\/posts\/1772\/revisions"}],"predecessor-version":[{"id":1785,"href":"https:\/\/dobrowol.org\/blog\/wp-json\/wp\/v2\/posts\/1772\/revisions\/1785"}],"wp:attachment":[{"href":"https:\/\/dobrowol.org\/blog\/wp-json\/wp\/v2\/media?parent=1772"}],"wp:term":[{"taxonomy":"category","embeddable":true,"href":"https:\/\/dobrowol.org\/blog\/wp-json\/wp\/v2\/categories?post=1772"},{"taxonomy":"post_tag","embeddable":true,"href":"https:\/\/dobrowol.org\/blog\/wp-json\/wp\/v2\/tags?post=1772"}],"curies":[{"name":"wp","href":"https:\/\/api.w.org\/{rel}","templated":true}]}}