{"id":15,"date":"2006-07-09T16:29:13","date_gmt":"2006-07-09T16:29:13","guid":{"rendered":"http:\/\/dobrowol.org\/blog\/2006\/07\/09\/konflikt-pokolen-starzy-zyja-na-koszt-mlodych\/"},"modified":"2006-07-09T16:29:13","modified_gmt":"2006-07-09T16:29:13","slug":"konflikt-pokolen-starzy-zyja-na-koszt-mlodych","status":"publish","type":"post","link":"https:\/\/dobrowol.org\/blog\/2006\/07\/09\/konflikt-pokolen-starzy-zyja-na-koszt-mlodych\/","title":{"rendered":"Konflikt pokole\u0144 &#8211; Starzy \u017cyj\u0105 na koszt m\u0142odych"},"content":{"rendered":"<p align=\"justify\">Przez ostatni tydzie\u0144 kaczy\u015bci obrazili si\u0119 na pras\u0119 niemieck\u0105 oraz zdymisjonowali Kazia.&nbsp; W ten spos&oacute;b Polska zmarnowa\u0142a kolejny tydzie\u0144.<\/p>\n<p align=\"justify\">Ja stara\u0142em si\u0119 tygodnia nie marnowa\u0107. Chyba si\u0119 uda\u0142o. Co prawda za du\u017co pi\u0142em, p&oacute;\u017ano chodzi\u0142em spa\u0107 i p&oacute;\u017ano wstawa\u0142em, ale jednak opublikowa\u0142em w Instytucie Sobieskiego opracowanie p\/t &quot;Starzy \u017cyj\u0105 na koszt m\u0142odych&quot;. Przedstawiam w nim statystki i informacje, kt&oacute;re \u015bwiadcz\u0105 o tym, \u017ce masowa emigracja Polak&oacute;w jest spowodowana niesprawiedliwie wysokim opodatkowaniem m\u0142odych pracuj\u0105cych.<span>&nbsp;<\/span><\/p>\n<p align=\"justify\">Tak, tak kochani. <span>Polskie spo\u0142ecze\u0144stwo starzeje si\u0119 i jest naturalne, \u017ce rosn\u0105 koszty emerytur i opieki zdrowotnej. Jednak zamiast sprawiedliwie dzieli\u0107 te koszty, wynaturzono<span>&nbsp; <\/span>solidarno\u015b\u0107 mi\u0119dzypokoleniow\u0105 w drena\u017c kieszeni m\u0142odych obywateli.<span>&nbsp; <\/span>Polska drenuje kieszenie m\u0142odych podatnik&oacute;w do tego stopnia, \u017ce praca w Polsce sta\u0142a si\u0119 towarem luksusowym na kt&oacute;ry nie sta\u0107 jednej trzeciej m\u0142odych Polak&oacute;w.<\/span><\/p>\n<p align=\"justify\">Teraz dostaj\u0119<em> fan mail <\/em>od czytelnik&oacute;w opracowania, kt&oacute;rzy dziel\u0105 si\u0119 na obozy zadowolonych, \u017ce &quot;zaj\u0105\u0142em si\u0119 gerontami&quot;, oraz zbulwersowanych tym, \u017ce &quot;wini\u0119 emeryt&oacute;w za zad\u0142u\u017cenie pa\u0144stwa (&#8230;) a oni przecie\u017c zapracowali na swoje emerytury i nikt im \u0142aski nie robi&quot;.&nbsp;<\/p>\n<p align=\"justify\">Je\u017celi szybko i uczciwie nie zajmiemy si\u0119 podzia\u0142em koszt&oacute;w starzenia si\u0119 spo\u0142ecze\u0144stwa to czeka nas dyskusja w tonie &quot;zaj\u0119cia si\u0119 gerontami&quot;, oraz &quot;nam si\u0119 nale\u017cy&quot;. Koszty emerytur i leczenia senior&oacute;w b\u0119d\u0105 ros\u0142y. Oko\u0142o roku 2015 gwa\u0142townie przyrosn\u0105 z powodu przechodzenia na emerytury licznego powojenngeo wy\u017cu demograficznego. Na te zwi\u0119kszone koszty emerytur i leczenie nie poczyniono \u017cadnych oszcz\u0119dno\u015bci. W przysz\u0142o\u015bci albo zwi\u0119kszymy podatki, albo zmniejszymy wyp\u0142aty dla senior&oacute;w (ewentualnie zrobimy jedno i drugie). Obecny podzia\u0142 podzia\u0142 koszt&oacute;w starzenia si\u0119 spo\u0142ecze\u0144stwa nie do\u015b\u0107, \u017ce jest niesprawiedliwy, bo zbyt bardzo obci\u0105\u017ca m\u0142odych i nienarodzonych to jest nie do utrzymania na d\u0142u\u017csz\u0105 met\u0119, bo koszty jego sfinansowania w obecnej postaci zd\u0142awi\u0105 wzrost gospodarczy.Czym d\u0142u\u017cej b\u0119dziemy czeka\u0107 ze sprawiedliwym podzia\u0142em koszt&oacute;w starzenia si\u0119 spo\u0142ecze\u0144stwa, tym bardzi zaci\u0119ta b\u0119dzie mi\u0119dzypokoleniowa przepychanka&#8230;  <\/p>\n","protected":false},"excerpt":{"rendered":"<p>Przez ostatni tydzie\u0144 kaczy\u015bci obrazili si\u0119 na pras\u0119 niemieck\u0105 oraz zdymisjonowali Kazia.&nbsp; W ten spos&oacute;b Polska zmarnowa\u0142a kolejny tydzie\u0144. Ja stara\u0142em si\u0119 tygodnia nie marnowa\u0107. Chyba si\u0119 uda\u0142o. Co prawda za du\u017co pi\u0142em, p&oacute;\u017ano chodzi\u0142em spa\u0107 i p&oacute;\u017ano wstawa\u0142em, ale jednak opublikowa\u0142em w Instytucie Sobieskiego opracowanie p\/t &quot;Starzy \u017cyj\u0105 na koszt m\u0142odych&quot;. Przedstawiam w nim [&hellip;]<\/p>\n","protected":false},"author":2,"featured_media":0,"comment_status":"open","ping_status":"open","sticky":false,"template":"","format":"standard","meta":{"footnotes":""},"categories":[2],"tags":[],"class_list":{"0":"post-15","1":"post","2":"type-post","3":"status-publish","4":"format-standard","6":"category-polska-to-nie-jest-kraj-dla-mlodych"},"_links":{"self":[{"href":"https:\/\/dobrowol.org\/blog\/wp-json\/wp\/v2\/posts\/15","targetHints":{"allow":["GET"]}}],"collection":[{"href":"https:\/\/dobrowol.org\/blog\/wp-json\/wp\/v2\/posts"}],"about":[{"href":"https:\/\/dobrowol.org\/blog\/wp-json\/wp\/v2\/types\/post"}],"author":[{"embeddable":true,"href":"https:\/\/dobrowol.org\/blog\/wp-json\/wp\/v2\/users\/2"}],"replies":[{"embeddable":true,"href":"https:\/\/dobrowol.org\/blog\/wp-json\/wp\/v2\/comments?post=15"}],"version-history":[{"count":0,"href":"https:\/\/dobrowol.org\/blog\/wp-json\/wp\/v2\/posts\/15\/revisions"}],"wp:attachment":[{"href":"https:\/\/dobrowol.org\/blog\/wp-json\/wp\/v2\/media?parent=15"}],"wp:term":[{"taxonomy":"category","embeddable":true,"href":"https:\/\/dobrowol.org\/blog\/wp-json\/wp\/v2\/categories?post=15"},{"taxonomy":"post_tag","embeddable":true,"href":"https:\/\/dobrowol.org\/blog\/wp-json\/wp\/v2\/tags?post=15"}],"curies":[{"name":"wp","href":"https:\/\/api.w.org\/{rel}","templated":true}]}}