{"id":1465,"date":"2016-11-29T17:39:04","date_gmt":"2016-11-29T17:39:04","guid":{"rendered":"http:\/\/dobrowol.org\/blog\/?p=1465"},"modified":"2016-11-29T17:39:04","modified_gmt":"2016-11-29T17:39:04","slug":"dumping-socjalny-nowym-haslem-protekcjonistow","status":"publish","type":"post","link":"https:\/\/dobrowol.org\/blog\/2016\/11\/29\/dumping-socjalny-nowym-haslem-protekcjonistow\/","title":{"rendered":"Dumping socjalny \u201enowym\u201d has\u0142em protekcjonist\u00f3w"},"content":{"rendered":"<p class=\"MsoNormal\" align=\"justify\"> Dumping socjalny to pa\u0142ka ideologiczno-medialna, kt\u00f3r\u0105 bogatsze pa\u0144stwa rdzenia UE bij\u0105 w biedniejsze pa\u0144stwa peryferium. Pod chwytliw\u0105 socjaln\u0105 retoryk\u0105 skrzywiaj\u0105 regu\u0142y gry na unijnym rynku na swoj\u0105 korzy\u015b\u0107. Obecnie gra idzie o rynek us\u0142ug.  Naszym interesem narodowym jest dopu\u015bci\u0107 do wolnej konkurencji na unijnym rynku us\u0142ug, podobnej do tej jaka istnieje na rynku produkt\u00f3w i przep\u0142yw\u00f3w kapita\u0142owych. <\/p>\n<p><!--more--><\/p>\n<p class=\"MsoNormal\" align=\"justify\"> Kiedy\u015b, w latach 1980ych i 90ych dumpingiem socjalnym mia\u0142o by\u0107 otwieranie przez koncerny z Francji czy Niemiec nowych fabryk w Grecji, Hiszpanii, czy Portugalii. Wszystko przez ni\u017csze koszty pracy. W 1987 zgroz\u0119 w rdzeniu Europy wywo\u0142ywa\u0142 fakt, \u017ce w fabryce Coca-Coli w Portugali godzin\u0119 pracy wynagradzano US$ 3,2, a w tym samym czasie w Niemczech Zachodnich Coca-Cola za godzin\u0119 pracy p\u0142aci\u0142a US$ 19,20. <\/p>\n<p class=\"MsoNormal\" align=\"justify\"> W\u00f3wczas pr\u00f3bowano zapobiega\u0107 rzekomemu dumpingowi socjalnemu przez uchwalenie unijnej p\u0142acy minimalnej. Na szcz\u0119\u015bcie psujstwo to zablokowa\u0142a Wielka Brytania. <\/p>\n<p class=\"MsoNormal\" align=\"justify\"> Dzi\u015b zamiast straszy\u0107 portugalskim robotnikiem fabrycznym, straszy si\u0119 polskim hydraulikiem, kierowc\u0105 i budowla\u0144cem. Ka\u017cdy boi si\u0119 o swoje miejsca pracy. Ale zasady konkurencji pomi\u0119dzy wschodem i zachodem UE powinny by\u0107 r\u00f3wne. <\/p>\n<p class=\"MsoNormal\" align=\"justify\"> Du\u017ce zachodnie koncern czerpi\u0105 korzy\u015bci z ekonomii skali i zakresu \u2013 same zakupy surowc\u00f3w i p\u00f3\u0142produkt\u00f3w ze wzgl\u0119du na ich skal\u0119 cz\u0119sto kosztuj\u0105 ich mniej (w przeliczeniu na jednostk\u0119 towaru) ni\u017c polskie firmy. Maj\u0105 te\u017c lepszy dost\u0119p do najnowszych technologii. Je\u015bli zachodnim koncernom wolno wykorzystywa\u0107 mo\u017cliwo\u015bci ta\u0144szej produkcji u nich i sprzedawa\u0107 ich produkty u nas, to nam powinno wolno by\u0107 \u015bwiadczy\u0107 us\u0142ugi u nich, wykorzystuj\u0105c nasze nieliczne przewagi kosztowe. W us\u0142ugach udzia\u0142 kosztu pracy jest zazwyczaj wy\u017cszy ni\u017c w produkcji. Maj\u0105c nadmiar pracowitych Polak\u00f3w, kt\u00f3rzy nie znajduj\u0105 zatrudnienia w Polsce mogliby\u015bmy \u015bwiadczy\u0107 us\u0142ugi w ca\u0142ej Unii. <\/p>\n<p class=\"MsoNormal\" align=\"justify\"> Jednak bogaty zach\u00f3d nie chce uzna\u0107 naszego prawa do eksportu us\u0142ug do nich, w zamian za ich prawo do eksportu produkt\u00f3w do nas. W sumie szkoda i strata dla wszystkich. Eksport produkt\u00f3w ich wydajnych koncern\u00f3w na nasze rynki, to po\u017cyteczny przejaw dzia\u0142ania wolnego rynku. Podobnie jest z eksportem us\u0142ug przez naszych budowla\u0144c\u00f3w i kierowc\u00f3w.  <\/p>\n<p class=\"MsoNormal\" align=\"justify\"> Ale nie wed\u0142ug starych pa\u0144stw unii.  Gdy nasi konsumenci kupuj\u0105 audi, BMW i mercedesy, a nasze fabryki samochod\u00f3w si\u0119 zamykaj\u0105 to jest OK. Ale gdy Jacques i Helmut maj\u0105 przed oczyma szukanie nowej pracy, bo Jan potrafi lepiej i taniej zbudowa\u0107, przewie\u017a\u0107 czy naprawi\u0107, to jest to pono\u0107 zagro\u017cenie europejskiego \u0142adu spo\u0142ecznego. <\/p>\n<p class=\"MsoNormal\" align=\"justify\"> Unijni notable w odniesieniu do rynku us\u0142ug stosuj\u0105 chwytliwe has\u0142o \u201eta sama praca, w tym samym miejscu, wymaga tej samej zap\u0142aty\u201d: <\/p>\n<img decoding=\"async\" src=\"http:\/\/www.dobrowol.org\/drobiazgi\/europaalejaka16.jpg\" alt=\"\" width=\"500\" \/>\n<p class=\"MsoNormal\" align=\"center\"> <strong> \u0179r\u00f3d\u0142o: <\/strong> Politico <\/p>\n<p class=\"MsoNormal\" align=\"justify\"> Je\u015bli uzna\u0107 to has\u0142o za obowi\u0105zuj\u0105ce, to gdy z zachodu prze\u015bl\u0105 swoje produkty, by konkurowa\u0142y z produktami naszych producent\u00f3w, jego logicznym odpowiednikiem b\u0119dzie: \u201ete same koszty produkcji, dla produkt\u00f3w sprzedawanych na ten sam rynek\u201d. A konsekwencj\u0105 takiego podej\u015bcia winno by\u0107 na\u0142o\u017cenie ce\u0142 na produkty sprowadzane z zachodu, by wyr\u00f3wna\u0107 przewagi kosztowe zachodnich producent\u00f3w. <\/p>\n<p class=\"MsoNormal\" align=\"justify\"> Narzucenie ce\u0142 na zachodnie produkty importowane do Polski nie jest mo\u017cliwe dop\u00f3ki jeste\u015bmy w UE. Ale nawet gdyby na\u0142o\u017cenie ce\u0142 by\u0142o prawnie czy politycznie mo\u017cliwe, b\u0119dzie szkodliwe.  <\/p>\n<p class=\"MsoNormal\" align=\"justify\"> Istniej\u0105ce i proponowane(!) ograniczenia wolnego przep\u0142ywu us\u0142ug dzia\u0142aj\u0105 jak c\u0142a na produkty. Unijny rynek us\u0142ug b\u0119dzie dzia\u0142a\u0142 sprawniej, gdy odrzucimy poj\u0119cie dumpingu socjalnego i opart\u0105 na nim praktyk\u0119 dyskryminowania polskich us\u0142ugodawc\u00f3w. Unijny rynek b\u0119dzie r\u00f3wnie\u017c sprawiedliwszy, gdy polscy us\u0142ugodawcy b\u0119d\u0105 mogli zarabia\u0107 na zachodnich rynkach, analogicznie do mo\u017cliwo\u015bci zarabiania przez zachodnich producent\u00f3w na naszym rynku. <\/p>\n<p class=\"MsoNormal\" align=\"justify\"> Na razie jednak zach\u00f3d stawia na swoim. Kilka miesi\u0119cy temu Francuzi zagrozili, \u017ce nie b\u0119d\u0105 stosowa\u0107 obowi\u0105zuj\u0105cego prawa UE je\u015bli nie zostanie zmienione zgodnie z ich \u017cyczeniami: <\/p>\n<img decoding=\"async\" src=\"http:\/\/www.dobrowol.org\/drobiazgi\/europaalejaka17.jpg\" alt=\"\" width=\"500\" \/>\n<p class=\"MsoNormal\" align=\"center\"> <strong> \u0179r\u00f3d\u0142o: <\/strong> Euroactiv <\/p>\n<img decoding=\"async\" src=\"http:\/\/www.dobrowol.org\/drobiazgi\/europaalejaka18.jpg\" alt=\"\" width=\"500\" \/>\n<p class=\"MsoNormal\" align=\"center\"> <strong> \u0179r\u00f3d\u0142o: <\/strong> Politico <\/p>\n<p class=\"MsoNormal\" align=\"justify\"> Nie s\u0142ysza\u0142em wtedy w francuskich mediach, \u017ce to wstyd i obciach na ca\u0142\u0105 Europ\u0119, gdy francuski premier i inni politycy gro\u017c\u0105 odmow\u0105 stosowania prawa unijnego. Unijni notable te\u017c, nie protestowali. Ugi\u0119li si\u0119 przed tym szanta\u017cem: <\/p>\n<img decoding=\"async\" src=\"http:\/\/www.dobrowol.org\/drobiazgi\/europaalejaka19.jpg\" alt=\"\" width=\"500\" \/>\n<p class=\"MsoNormal\" align=\"center\"> <strong> \u0179r\u00f3d\u0142o: <\/strong> Financial Times <\/p>\n<p class=\"MsoNormal\" align=\"justify\"> Zignorowali tzw. \u017c\u00f3\u0142te kartki ze strony jedenastu narodowych parlament\u00f3w ze wschodu Europy do proponowanych zmian prawa UE i przepchali przez europarlament rezolucj\u0119 o zwalczaniu dumpingu socjalnego. <\/p>\n","protected":false},"excerpt":{"rendered":"<p>Dumping socjalny to pa\u0142ka ideologiczno-medialna, kt\u00f3r\u0105 bogatsze pa\u0144stwa rdzenia UE bij\u0105 w biedniejsze pa\u0144stwa peryferium. Pod chwytliw\u0105 socjaln\u0105 retoryk\u0105 skrzywiaj\u0105 regu\u0142y gry na unijnym rynku na swoj\u0105 korzy\u015b\u0107. Obecnie gra idzie o rynek us\u0142ug. Naszym interesem narodowym jest dopu\u015bci\u0107 do wolnej konkurencji na unijnym rynku us\u0142ug, podobnej do tej jaka istnieje na rynku produkt\u00f3w i [&hellip;]<\/p>\n","protected":false},"author":2,"featured_media":0,"comment_status":"open","ping_status":"open","sticky":false,"template":"","format":"standard","meta":{"footnotes":""},"categories":[12],"tags":[],"class_list":{"0":"post-1465","1":"post","2":"type-post","3":"status-publish","4":"format-standard","6":"category-europa-ale-jaka"},"_links":{"self":[{"href":"https:\/\/dobrowol.org\/blog\/wp-json\/wp\/v2\/posts\/1465","targetHints":{"allow":["GET"]}}],"collection":[{"href":"https:\/\/dobrowol.org\/blog\/wp-json\/wp\/v2\/posts"}],"about":[{"href":"https:\/\/dobrowol.org\/blog\/wp-json\/wp\/v2\/types\/post"}],"author":[{"embeddable":true,"href":"https:\/\/dobrowol.org\/blog\/wp-json\/wp\/v2\/users\/2"}],"replies":[{"embeddable":true,"href":"https:\/\/dobrowol.org\/blog\/wp-json\/wp\/v2\/comments?post=1465"}],"version-history":[{"count":0,"href":"https:\/\/dobrowol.org\/blog\/wp-json\/wp\/v2\/posts\/1465\/revisions"}],"wp:attachment":[{"href":"https:\/\/dobrowol.org\/blog\/wp-json\/wp\/v2\/media?parent=1465"}],"wp:term":[{"taxonomy":"category","embeddable":true,"href":"https:\/\/dobrowol.org\/blog\/wp-json\/wp\/v2\/categories?post=1465"},{"taxonomy":"post_tag","embeddable":true,"href":"https:\/\/dobrowol.org\/blog\/wp-json\/wp\/v2\/tags?post=1465"}],"curies":[{"name":"wp","href":"https:\/\/api.w.org\/{rel}","templated":true}]}}