{"id":14,"date":"2006-07-03T12:41:15","date_gmt":"2006-07-03T12:41:15","guid":{"rendered":"http:\/\/dobrowol.org\/blog\/2006\/07\/03\/tw-beata-schowala-dlug\/"},"modified":"2006-07-03T12:41:15","modified_gmt":"2006-07-03T12:41:15","slug":"tw-beata-schowala-dlug","status":"publish","type":"post","link":"https:\/\/dobrowol.org\/blog\/2006\/07\/03\/tw-beata-schowala-dlug\/","title":{"rendered":"TW Beata schowa\u0142a d\u0142ug"},"content":{"rendered":"<p class=\"MsoNormal\">Media i politycy od ponad tygodnia zajmuj\u0105 si\u0119 lustracj\u0105 Zyty Gilowskiej.<span>&nbsp; <\/span>By\u0142a, czy nie by\u0142a TW Beat\u0105, ot najwa\u017cniejsze pytanie.<span>&nbsp; <\/span>W zwi\u0105zku z awantur\u0105 o Zyt\u0119 pad\u0142o kolejne arcywa\u017cne pytanie:czy Kazio i Jarek si\u0119 awanturuj\u0105, czy te\u017c \u017cyj\u0105 w zgodzie?<\/p>\n<p class=\"MsoNormal\">A cichcem i bez komentarza pa\u0144stwo polskie w naszym imieniu zwi\u0119ksza d\u0142ug publiczny.<span>&nbsp; <\/span>Dwa lata temu na ka\u017cdego z nas przypada\u0142o po 11.300 z\u0142otych d\u0142ugu publicznego, rok temu by\u0142o ju\u017c 12.300. Ciekawe ile b\u0119dzie na koniec tego roku?<\/p>\n<p class=\"MsoNormal\">Mamy dzi\u015b pi\u0119kny letni ranek i \u015bwietn\u0105 pogod\u0119 w sam raz na wypoczynek.<span>&nbsp; <\/span>Ja zaraz uciekam na rower, a nast\u0119pnie spiesz\u0119 si\u0119 na lunch i do pracy.<span>&nbsp; <\/span>Musz\u0119 od\u0142o\u017cy\u0107 troch\u0119 got&oacute;wki na zim\u0119 oraz na sp\u0142at\u0119 d\u0142ugu publicznego. W tym roku jak bum cyk cyk na mnie przypadnie ju\u017c z 13.300 z\u0142otych&#8230; <\/p>\n","protected":false},"excerpt":{"rendered":"<p>Media i politycy od ponad tygodnia zajmuj\u0105 si\u0119 lustracj\u0105 Zyty Gilowskiej.&nbsp; By\u0142a, czy nie by\u0142a TW Beat\u0105, ot najwa\u017cniejsze pytanie.&nbsp; W zwi\u0105zku z awantur\u0105 o Zyt\u0119 pad\u0142o kolejne arcywa\u017cne pytanie:czy Kazio i Jarek si\u0119 awanturuj\u0105, czy te\u017c \u017cyj\u0105 w zgodzie? A cichcem i bez komentarza pa\u0144stwo polskie w naszym imieniu zwi\u0119ksza d\u0142ug publiczny.&nbsp; Dwa lata [&hellip;]<\/p>\n","protected":false},"author":2,"featured_media":0,"comment_status":"open","ping_status":"open","sticky":false,"template":"","format":"standard","meta":{"footnotes":""},"categories":[1],"tags":[],"class_list":{"0":"post-14","1":"post","2":"type-post","3":"status-publish","4":"format-standard","6":"category-uncategorized"},"_links":{"self":[{"href":"https:\/\/dobrowol.org\/blog\/wp-json\/wp\/v2\/posts\/14","targetHints":{"allow":["GET"]}}],"collection":[{"href":"https:\/\/dobrowol.org\/blog\/wp-json\/wp\/v2\/posts"}],"about":[{"href":"https:\/\/dobrowol.org\/blog\/wp-json\/wp\/v2\/types\/post"}],"author":[{"embeddable":true,"href":"https:\/\/dobrowol.org\/blog\/wp-json\/wp\/v2\/users\/2"}],"replies":[{"embeddable":true,"href":"https:\/\/dobrowol.org\/blog\/wp-json\/wp\/v2\/comments?post=14"}],"version-history":[{"count":0,"href":"https:\/\/dobrowol.org\/blog\/wp-json\/wp\/v2\/posts\/14\/revisions"}],"wp:attachment":[{"href":"https:\/\/dobrowol.org\/blog\/wp-json\/wp\/v2\/media?parent=14"}],"wp:term":[{"taxonomy":"category","embeddable":true,"href":"https:\/\/dobrowol.org\/blog\/wp-json\/wp\/v2\/categories?post=14"},{"taxonomy":"post_tag","embeddable":true,"href":"https:\/\/dobrowol.org\/blog\/wp-json\/wp\/v2\/tags?post=14"}],"curies":[{"name":"wp","href":"https:\/\/api.w.org\/{rel}","templated":true}]}}