{"id":1377,"date":"2016-09-08T15:37:56","date_gmt":"2016-09-08T15:37:56","guid":{"rendered":"http:\/\/dobrowol.org\/blog\/?p=1377"},"modified":"2016-09-08T15:37:56","modified_gmt":"2016-09-08T15:37:56","slug":"mam-prosbe-do-lewicy-by-w-koncu-zaczela-byc-lewica","status":"publish","type":"post","link":"https:\/\/dobrowol.org\/blog\/2016\/09\/08\/mam-prosbe-do-lewicy-by-w-koncu-zaczela-byc-lewica\/","title":{"rendered":"Mam pro\u015bb\u0119 do lewicy, by w ko\u0144cu zacz\u0119\u0142a by\u0107 lewic\u0105."},"content":{"rendered":"<p class=\"MsoNormal\" align=\"justify\"> Tak m\u00f3wi\u0119 do Razem, Krytyki Politycznej, itp. Jedyne s\u0142uszne odszkodowanie od dzisiejszych obywateli i podatnik\u00f3w za maj\u0105tek zniszczony i rozkradziony przez Hitlera, Stalina, czy znacjonalizowany za wczesnego PRL to 0 z\u0142. <\/p>\n<p><!--more--><\/p>\n<p class=\"MsoNormal\" align=\"justify\"> Miar\u0105 zhegemonizowania lewicy przez ideologi\u0119 reprywatyzacyjn\u0105 s\u0105 wasze programy i wypowiedzi. Nawet partia Razem, postuluje odszkodowania dla reprywatyzator\u00f3w: <\/p>\n<img decoding=\"async\" src=\"http:\/\/www.dobrowol.org\/drobiazgi\/ekonomiapolityczna023.jpg\" alt=\"\" width=\"585\" \/>\n<p class=\"MsoNormal\" align=\"center\"> <strong> \u0179r\u00f3d\u0142o: <\/strong> Deklaracja Programowa, Razem <\/p>\n<p class=\"MsoNormal\" align=\"justify\"> Partia Razem obala staro\u017cytne zasady prawa, tj. zasiedzenie i nieodwracalne skutki, by robi\u0107 dobrze reprywatyzatorom? Zasiedzenie zak\u0142ada, \u017ce po ograniczonym czasie posiadaj\u0105cy w z\u0142ej wierze (nawet z\u0142odziej!) staje si\u0119 w\u0142a\u015bcicielem. Nieodwracalne skutki, stosuje si\u0119, gdy wojny, rewolucje, katastrofy naturalne doprowadzaj\u0105 do szk\u00f3d, kt\u00f3rych spo\u0142eczno\u015b\u0107 i reprezentuj\u0105ce je pa\u0144stwo nie s\u0105 w stanie naprawi\u0107. Czym by\u0142a II wojna \u015bwiatowa i nacjonalizacja wczesnego PRL je\u015bli nie by\u0142y nieodwracalnymi skutkami?! <\/p>\n<p class=\"MsoNormal\" align=\"justify\"> R\u00f3wnie\u017c Krytyka Polityczna w swej publicystyce i publikowanych o\u015bwiadczeniach wpisuje si\u0119 w ideologi\u0119 reprywatyzacyjn\u0105 &#8211; sprowadza problem reprywatyzacji, do wysiedlonych lokator\u00f3w reprywatyzowanych kamienic, jak cho\u0107by w tym dzisiejszym apelu: <\/p>\n<img decoding=\"async\" src=\"http:\/\/www.dobrowol.org\/drobiazgi\/ekonomiapolityczna024.jpg\" alt=\"\" width=\"585\" \/>\n<p class=\"MsoNormal\" align=\"center\"> <strong> \u0179r\u00f3d\u0142o: <\/strong> Krytyka Polityczna, Reprywatyzacja: List otwarty do medi\u00f3w <\/p>\n<p class=\"MsoNormal\" align=\"justify\"> Nie podejmujecie tematu dopuszczalno\u015bci reprywatyzacji jako takiej. Nawo\u0142uj\u0105c do uchwalania dobrej ustawy o reprywatyzacji, kt\u00f3ra r\u00f3wnie\u017c we\u017amie pod uwag\u0119 krzywdy lokator\u00f3w reprywatyzowanych budynk\u00f3w sami propagujecie ideologi\u0119 reprywatyzacyjn\u0105. <\/p>\n<p class=\"MsoNormal\" align=\"justify\"> Historyczna po\u017cyteczno\u015b\u0107 lewicy polega\u0142a na tym, \u017ce bra\u0142a w obron\u0119 najs\u0142abszych.  Reprywatyzacja dzi\u015b, <a href=\"https:\/\/dobrowol.org\/blog\/2016\/09\/02\/skonczyc-z-reprywatyzacja\/\"> to tworzenie nowych wygranych i przegranych, <\/a> gdzie przegranymi najcz\u0119\u015bciej s\u0105 s\u0142absi. Jedynym dobrym rozwi\u0105zaniem jest <a href=\"https:\/\/dobrowol.org\/blog\/2016\/09\/02\/skonczyc-z-reprywatyzacja\/\"> ustawowe wygaszenie wszystkich roszcze\u0144 reprywatyzacyjnych.<\/a><\/p>\n<p class=\"MsoNormal\" align=\"justify\"> W kawiarniach i na seminariach robicie sobie heheszki z \u201e\u015bwi\u0119tego prawa w\u0142asno\u015bci\u201d. Do znudzenia dekonstrujecie, te same dawno zdekonstruowane poj\u0119cia. Ale nie chcecie i nie potraficie zauwa\u017cy\u0107, \u017ce decyzje s\u0105d\u00f3w, kt\u00f3re znios\u0142y przedawnienie dla decyzji o nacjonalizacji, bo nie mo\u017cna by\u0142o za PRL dochodzi\u0107 wzruszenia tych decyzji, czy te\u017c decyzje s\u0105d\u00f3w, kt\u00f3re obali\u0142y zasad\u0119 nieodwracanych skutk\u00f3w orzeczeniem, \u017ce je\u015bli nie mo\u017cna zwr\u00f3ci\u0107 nieruchomo\u015bci w naturze, to mo\u017cna zwr\u00f3ci\u0107 jej warto\u015b\u0107 w pieni\u0105dzu, to takie same konstrukty ideologiczne, jak te z kt\u00f3rych si\u0119 \u015bmiejecie, tylko o bardzo realnym i ujemnym wp\u0142ywie na Polak\u00f3w tu i teraz.  Dop\u00f3ki tego nie zauwa\u017cycie i co\u015b z tym nie zrobicie wr\u00f3\u017c\u0119 wam dalsze narzekanie na brak lewicy w Polsce. <\/p>\n<p class=\"MsoNormal\" align=\"justify\"> A jak nie dla siebie, to zr\u00f3bcie to dla mnie. Bo dla mnie libera\u0142a, by\u0142ego wsp\u00f3\u0142pracownika Sachsa i Balcerowicza, jest dziwnym znale\u017a\u0107 si\u0119 na lewo od was. <\/p>\n","protected":false},"excerpt":{"rendered":"<p>Tak m\u00f3wi\u0119 do Razem, Krytyki Politycznej, itp. Jedyne s\u0142uszne odszkodowanie od dzisiejszych obywateli i podatnik\u00f3w za maj\u0105tek zniszczony i rozkradziony przez Hitlera, Stalina, czy znacjonalizowany za wczesnego PRL to 0 z\u0142.<\/p>\n","protected":false},"author":2,"featured_media":0,"comment_status":"open","ping_status":"open","sticky":false,"template":"","format":"standard","meta":{"footnotes":""},"categories":[4,38],"tags":[],"class_list":{"0":"post-1377","1":"post","2":"type-post","3":"status-publish","4":"format-standard","6":"category-ekonomia-polityczna","7":"category-reprywatyzacja"},"_links":{"self":[{"href":"https:\/\/dobrowol.org\/blog\/wp-json\/wp\/v2\/posts\/1377","targetHints":{"allow":["GET"]}}],"collection":[{"href":"https:\/\/dobrowol.org\/blog\/wp-json\/wp\/v2\/posts"}],"about":[{"href":"https:\/\/dobrowol.org\/blog\/wp-json\/wp\/v2\/types\/post"}],"author":[{"embeddable":true,"href":"https:\/\/dobrowol.org\/blog\/wp-json\/wp\/v2\/users\/2"}],"replies":[{"embeddable":true,"href":"https:\/\/dobrowol.org\/blog\/wp-json\/wp\/v2\/comments?post=1377"}],"version-history":[{"count":0,"href":"https:\/\/dobrowol.org\/blog\/wp-json\/wp\/v2\/posts\/1377\/revisions"}],"wp:attachment":[{"href":"https:\/\/dobrowol.org\/blog\/wp-json\/wp\/v2\/media?parent=1377"}],"wp:term":[{"taxonomy":"category","embeddable":true,"href":"https:\/\/dobrowol.org\/blog\/wp-json\/wp\/v2\/categories?post=1377"},{"taxonomy":"post_tag","embeddable":true,"href":"https:\/\/dobrowol.org\/blog\/wp-json\/wp\/v2\/tags?post=1377"}],"curies":[{"name":"wp","href":"https:\/\/api.w.org\/{rel}","templated":true}]}}