{"id":130,"date":"2008-07-24T06:54:17","date_gmt":"2008-07-24T06:54:17","guid":{"rendered":"http:\/\/dobrowol.org\/blog\/2008\/07\/24\/od-kultury-walki-do-kultury-pracy\/"},"modified":"2008-07-24T06:54:17","modified_gmt":"2008-07-24T06:54:17","slug":"od-kultury-walki-do-kultury-pracy","status":"publish","type":"post","link":"https:\/\/dobrowol.org\/blog\/2008\/07\/24\/od-kultury-walki-do-kultury-pracy\/","title":{"rendered":"Od kultury walki do kultury pracy"},"content":{"rendered":"<p class=\"MsoNormal\" style=\"margin-left: 3in; text-align: justify\"><span>&bdquo;Si\u0142a przyci\u0105gaj\u0105ca narodu, jego wp\u0142ywy o\u015bcienne, wywo\u0142uj\u0105 nie jego pot\u0119ga polityczna, przewaga wojskowa, ani bogactwo ekonomiczne, lecz kultura, obyczajowo\u015b\u0107, o\u015bwiata, i napi\u0119kniejszy ich kwiat, sztuka&rdquo;&nbsp;<\/span><\/p>\n<p class=\"MsoNormal\" style=\"margin-left: 3in; text-align: justify\"><span>&#8211; Aleksander Br&uuml;ckner, &bdquo;Dzieje Kultury Polskiej&rdquo;<\/span><\/p>\n<p align=\"justify\" class=\"MsoBodyText\"><span>Jestem Polakiem. Polska to m&oacute;j dom. Jednak mocno niewygodnie czuj\u0119 si\u0119 w kostiumie zwanym polsko\u015bci\u0105. Polsko\u015b\u0107 w kt&oacute;r\u0105 ubrali nas wieszczowie i historycy, szko\u0142y, nasze rodziny i s\u0105siedzi jest nieatrakcyjna, oraz szkodliwa. Nie daje nam sp&oacute;jnej odpowiedzi na pytanie kim jeste\u015bmy, dok\u0105d pod\u0105\u017camy, oraz dlaczego podr&oacute;\u017c w przysz\u0142o\u015b\u0107 pod bia\u0142o czerwonym kolorem jest warta wysi\u0142ku. <span>&nbsp;<\/span>Polsko\u015b\u0107 w kt&oacute;r\u0105 jeste\u015bmy ubrani wymy\u015blona zosta\u0142a pod zaborami i w swej istocie to przepis na walk\u0119 i przetrwanie. Ale mamy XXI wiek i ju\u017c najwy\u017cszy czas odej\u015b\u0107 do kultury walki i przetrwania do kultury pracy i dobrobytu. Up\u0142yn\u0119\u0142o wiele czasu i mocno zmieni\u0142 si\u0119 \u015bwiat. Czas dotychczasow\u0105 polsko\u015b\u0107 przebudowa\u0107, by by\u0142a atrakcyjna i przydatna.&nbsp;<\/span><\/p>\n<div align=\"justify\">  <\/div>\n<p align=\"justify\" class=\"MsoBodyText\"><span>Po upadku pierwszej Rzeczypospolitej przetrwanie polsko\u015bci wymaga\u0142o nowych mit&oacute;w narodowych. Mit&oacute;w koniecznych do uzasadnienia kl\u0119ski, daj\u0105cych si\u0142\u0119 przetrwa\u0107 i wybi\u0107 si\u0119 na niepodleg\u0142o\u015b\u0107. Mit&oacute;w kt&oacute;re z narodu szlacheckiego oraz zniewolonego przeze\u0144 ludu sklei\u0107 mog\u0142y nar&oacute;d polski. Mity te w&oacute;wczas by\u0142y konieczne. Dzi\u015b jednak s\u0105 szkodliwe. Warto\u015bci t\u0142oczone przez pa\u0144stwo i spo\u0142ecze\u0144stwo s\u0105 nieprzydatne, a nowych nie potrafimy na razie wypracowa\u0107. Ta dezorientacja nam szkodzi. Cz\u0142owiek jest istot\u0105 spo\u0142eczn\u0105. By by\u0107 bezpiecznym i szcz\u0119\u015bliwym musi dzia\u0142a\u0107 z innymi lud\u017ami. Spo\u0142eczno\u015b\u0107 koordynuje ma\u0142e i du\u017ce zachowania jednostek poprzez normy moralne nak\u0142aniaj\u0105ce lub przymuszaj\u0105ce do wsp&oacute;lnoty warto\u015bci. Mity i symbole maj\u0105 realn\u0105 warto\u015b\u0107, kt&oacute;ra stanowi kapita\u0142 kulturowy spo\u0142eczno\u015bci i przes\u0105dza o jej konkurencyjno\u015bci. Szybkie zebranie si\u0119 pod flag\u0105 to przeno\u015bnia, ale r&oacute;wnie\u017c skuteczny spos&oacute;b zachowania \u017cycia na polu<span>&nbsp; <\/span>bitwy. Niestety dzi\u015b nie mamy dobrych flag pod kt&oacute;rymi si\u0119 zbiera\u0107.<\/span><\/p>\n<div align=\"justify\">        <\/div>\n<p align=\"justify\" class=\"MsoBodyText\"><span>Z baga\u017cem zmursza\u0142ych i zat\u0119ch\u0142ych warto\u015bci daleko nie zajedziemy. Nasza matryce zachowa\u0144 zakodowane w warto\u015bciach narodowych, by prze\u017cy\u0107 jako spo\u0142eczno\u015b\u0107 i wybi\u0107 si\u0119 na niepodleg\u0142o\u015b\u0107 s\u0105 dzi\u015b bezu\u017cyteczne. Polsko\u015b\u0107 ka\u017ce walczy\u0107. Ale dzi\u015b nie mamy z kim walczy\u0107, mo\u017cemy co najwy\u017cej sami sobie zaszkodzi\u0107. Polacy pod naciskiem i krytyk\u0105 obcych staj\u0105 si\u0119 gor\u0105cymi patriotami. Lecz gdy zostajemy na chwil\u0119 sami bez wroga, to zaczynamy walczy\u0107, przezywa\u0107 si\u0119, obra\u017ca\u0107 nawzajem &ndash; tak po prostu bezinteresownie, z przyzwyczajenia. Polsko\u015b\u0107 ka\u017ce \u015bwi\u0119towa\u0107 pora\u017cki typu Katy\u0144 i powstanie Warszawskie oraz nu\u017ca\u0107 si\u0119 i tapla\u0107 w stausie ofiary. <span>&nbsp;<\/span>Lecz gdy sami jeste\u015bmy katami jak w Jedwabnem, lub mamy szanse na spokojn\u0105 budow\u0119 w\u0142asnego dobrobytu gubimy si\u0119 i nie potrafimy post\u0105pi\u0107 m\u0105drze. Polsko\u015b\u0107 za bohatera ka\u017ce uzna\u0107 niezbyt rozgarni\u0119tego narwa\u0144ca typu Piotr Wyoscki za to, \u017ce wywo\u0142a\u0142 powstanie listopadowe sko\u0144czone likwidacj\u0105 autonomii Kr&oacute;lestwa Polskiego. A za zdrajc&oacute;w uwa\u017ca Franciszka Ksawerego Druckiego-Lubeckiego, kt&oacute;ry uratowa\u0142 finanse Kr&oacute;lestwa Polskiego, skutecznie wspiera\u0142 rozw&oacute;j polskiego przemys\u0142u i otworzy\u0142 na nasze produkty rynek rosyjski, czy te\u017c Aleksandra Wielopolskiego, kt&oacute;ry \u015bredniowieczn\u0105 pa\u0144szczyzn\u0119 odrabian\u0105 w naturze na rozkaz pana zamienia\u0142 na czynsz p\u0142acony w got&oacute;wce, rozwija\u0142 szko\u0142y, spolszczy\u0142 administracj\u0119 na terenie Polski, oraz d\u0105\u017cy\u0142 do r&oacute;wnouprawnienia Polak&oacute;w wiary starozakonnej.<span> <\/span><br \/><\/span><\/p>\n<div align=\"justify\">  <\/div>\n<p align=\"justify\" class=\"MsoBodyText\"><span>S\u0142abo\u015b\u0107 polsko\u015bci wida\u0107 w kontakcie z obc\u0105 kultur\u0105. Wi\u0119kszo\u015b\u0107 polskich emigrant&oacute;w bardzo szybko si\u0119 roztapia w lokalnej kulturze. W drugim pokoleniu zazwyczaj dukaj\u0105 kilka s\u0142&oacute;wek po polsku. A w trzecim s\u0105 ledwie \u015bwiadomi kraju pochodzenia dziadk&oacute;w. Niekt&oacute;re jednak narody, takie jak chocia\u017cby W\u0142osi i Irlandczycy, kt&oacute;re mia\u0142y podobn\u0105 lub nawet bardziej dramatyczn\u0105 histori\u0119 potrafi\u0105 b\u0119d\u0105c obywatelami nowych pa\u0144stw trzyma\u0107 si\u0119 kultury swych praojc&oacute;w. W polskich mediach kr&oacute;luj\u0105 wytwory kultury zagranicznej. W\u0142asnych nie jeste\u015bmy w stanie sprzeda\u0107 zagranicznym odbiorcom. Ameryka\u0144ska &bdquo;Ulica Sezamkowa&rdquo; wyprodukowana w ramach misji pa\u0144stwa ameryka\u0144skiego w mediach jest produktem odnosz\u0105cym na \u015bwiecie wi\u0119kszy sukces ni\u017c nasza ca\u0142a kultura narodowa razem wzi\u0119ta.<\/span><\/p>\n<div align=\"justify\">      <\/div>\n<p align=\"justify\" class=\"MsoBodyText\"><span>Polsko\u015b\u0107 jest marn\u0105 rekomendacj\u0105 dla Polaka na obczy\u017anie. W wielu zagranicznych domach s\u0142owa &bdquo;mamo, tato wychodz\u0119 za Polaka&rdquo; wywo\u0142aj\u0105 konsternacj\u0119 niepor&oacute;wnywaln\u0105 z dreszczem wywo\u0142anym s\u0142owami &bdquo;mamo, tato wychodz\u0119 za Francuza\/W\u0142ocha\/Szweda&rdquo;. Bolesne i niesprawiedliwe? Tak, bo chcemy wierzy\u0107, \u017ce licz\u0105 si\u0119 zalety konkretnej osoby, a nie jej narodowo\u015b\u0107. Ale Polsko\u015b\u0107 jest obci\u0105\u017ceniem, kt&oacute;re trzeba przezwyci\u0119\u017ca\u0107 w\u0142asn\u0105 indywidulan\u0105 postaw\u0105 i prac\u0105. Bo polsko\u015b\u0107 nie jest rekomendacj\u0105 podnosz\u0105c\u0105 status osoby obdarzonej tym atrybutem. I widz\u0105\u0107 niedomytych oraz nieokrzesanych wsp&oacute;\u0142plemienc&oacute;w w samolotach do USA i poci\u0105gach do Niemiec wcale si\u0119 nie dziwi\u0119. Po\u015br&oacute;d obcych polsko\u015b\u0107 jest dzi\u015b rekomendacj\u0105 co najwy\u017cej na posad\u0119 pracowitej nia\u0144ki, opiekunki, hydraulika i piel\u0119gniarki. I nie m&oacute;wmy,<span>&nbsp; <\/span>\u017ce to przez nasze ub&oacute;stwo. Przed wiekami Szwajcar by\u0142 synonimem ub&oacute;stwa. A czasy w kt&oacute;rych Hiszpani byli tak biedni jak Polacy pami\u0119taj\u0105 \u017cyj\u0105cy po\u015br&oacute;d nas ca\u0142kiem m\u0142odzi ludzie.&nbsp;<\/span><\/p>\n<div align=\"justify\">  <\/div>\n<p align=\"justify\" class=\"MsoNormal\" style=\"text-align: justify\"><span>Czas sko\u0144czy\u0107 wyznawa\u0107 dyrdyma\u0142y o dobrym narodzie i z\u0142ych zaborcach.<span>&nbsp; <\/span>Polsk\u0119 stracili\u015bmy przez w\u0142asn\u0105 g\u0142upot\u0119.<span>&nbsp; <\/span>Zlikwidujmy w ko\u0144cu kanon lektur, kt&oacute;ry powiela szkodliwe stereotypy nardowe. Pozw&oacute;lmy m\u0142odym my\u015ble\u0107 samodzielnie.<span>&nbsp; <\/span>Tak d\u0142ugo jak b\u0119d\u0105 nauczeni, \u017ce cham straci\u0142 z\u0142oty r&oacute;g, bo nie poszed\u0142 z kos\u0105 na armat\u0119 tak d\u0142ugo b\u0119dziemy marnowa\u0107 energi\u0119 w \u017ale przygotowanych zrywach, zamiast tworzy\u0107 dobrobyt w dobrze zorganizowanych przedsi\u0119wzi\u0119ciach. Przesta\u0144my odmienia\u0107 s\u0142owa nar&oacute;d i patriotyzm na wszelkie mo\u017cliwe sposoby. Sko\u0144czy\u0142 si\u0119 ju\u017c czas, gdy to co dobre dla Polski by\u0142o dobre dla Polaka, nawet je\u015bli przez to musia\u0142 zgin\u0105\u0107. Mamy dzi\u015b epok\u0119 w kt&oacute;rej to co dobre dla Polaka jest dobre dla Polski. Kochana prawico odspawaj si\u0119 od mitu Polaka jako bia\u0142ego heteroseksualnego katolika. Ka\u017cdy kto chce \u017cy\u0107 z nami i pracowa\u0107 na nasz wsp&oacute;lny dobrobyt b\u0119dzie dobrym Polakiem. Kochana lewico, przesta\u0144 tworzy\u0107 kasty uci\u015bnionych zas\u0142uguj\u0105cych na pomoc z kieszeni pracuj\u0105cych obywateli rozdzielan\u0105 wedle uznania lewicowych elit. Przy tym rozdzielaniu zostaje zbyt du\u017co w waszych kieszeniach. Najlepszym \u015brodkiem rozwoju jest odblokowanie biedniejszym szans na konkurowanie o swoje miejsce na drabinie spo\u0142ecznej. <\/span><\/p>\n","protected":false},"excerpt":{"rendered":"<p>&bdquo;Si\u0142a przyci\u0105gaj\u0105ca narodu, jego wp\u0142ywy o\u015bcienne, wywo\u0142uj\u0105 nie jego pot\u0119ga polityczna, przewaga wojskowa, ani bogactwo ekonomiczne, lecz kultura, obyczajowo\u015b\u0107, o\u015bwiata, i napi\u0119kniejszy ich kwiat, sztuka&rdquo;&nbsp; &#8211; Aleksander Br&uuml;ckner, &bdquo;Dzieje Kultury Polskiej&rdquo; Jestem Polakiem. Polska to m&oacute;j dom. Jednak mocno niewygodnie czuj\u0119 si\u0119 w kostiumie zwanym polsko\u015bci\u0105. Polsko\u015b\u0107 w kt&oacute;r\u0105 ubrali nas wieszczowie i historycy, szko\u0142y, [&hellip;]<\/p>\n","protected":false},"author":2,"featured_media":0,"comment_status":"open","ping_status":"closed","sticky":false,"template":"","format":"standard","meta":{"_jetpack_memberships_contains_paid_content":false,"footnotes":""},"categories":[11],"tags":[],"class_list":{"0":"post-130","1":"post","2":"type-post","3":"status-publish","4":"format-standard","6":"category-narodowa-mitologia"},"jetpack_featured_media_url":"","jetpack_sharing_enabled":true,"_links":{"self":[{"href":"https:\/\/dobrowol.org\/blog\/wp-json\/wp\/v2\/posts\/130","targetHints":{"allow":["GET"]}}],"collection":[{"href":"https:\/\/dobrowol.org\/blog\/wp-json\/wp\/v2\/posts"}],"about":[{"href":"https:\/\/dobrowol.org\/blog\/wp-json\/wp\/v2\/types\/post"}],"author":[{"embeddable":true,"href":"https:\/\/dobrowol.org\/blog\/wp-json\/wp\/v2\/users\/2"}],"replies":[{"embeddable":true,"href":"https:\/\/dobrowol.org\/blog\/wp-json\/wp\/v2\/comments?post=130"}],"version-history":[{"count":0,"href":"https:\/\/dobrowol.org\/blog\/wp-json\/wp\/v2\/posts\/130\/revisions"}],"wp:attachment":[{"href":"https:\/\/dobrowol.org\/blog\/wp-json\/wp\/v2\/media?parent=130"}],"wp:term":[{"taxonomy":"category","embeddable":true,"href":"https:\/\/dobrowol.org\/blog\/wp-json\/wp\/v2\/categories?post=130"},{"taxonomy":"post_tag","embeddable":true,"href":"https:\/\/dobrowol.org\/blog\/wp-json\/wp\/v2\/tags?post=130"}],"curies":[{"name":"wp","href":"https:\/\/api.w.org\/{rel}","templated":true}]}}