{"id":125,"date":"2008-05-15T17:49:20","date_gmt":"2008-05-15T17:49:20","guid":{"rendered":"http:\/\/dobrowol.org\/blog\/2008\/05\/15\/amoralny-socjalizm\/"},"modified":"2020-01-26T20:05:46","modified_gmt":"2020-01-26T20:05:46","slug":"amoralny-socjalizm","status":"publish","type":"post","link":"https:\/\/dobrowol.org\/blog\/2008\/05\/15\/amoralny-socjalizm\/","title":{"rendered":"Amoralny socjalizm"},"content":{"rendered":"<p class=\"MsoNormal\" align=\"justify\"> Tylko 58% Polak&oacute;w w wieku produkcyjnym pracuje. Oznacza to, \u017ce ka\u017cdy pracuj\u0105cy Polak nie do\u015b\u0107, \u017ce ma na utrzymaniu rosn\u0105ce grono emeryt&oacute;w w prawdziwym wieku emerytalnym, to jeszcze utrzymuje niepracuj\u0105cego nieroba w wieku produkcyjnym. Sam koszt wcze\u015bniejszych emerytur jest ogromny. Dzi\u015b ka\u017cdy pracuj\u0105cy co miesi\u0105c p\u0142aci 210 z\u0142otych na wcze\u015bniejszych emeryt&oacute;w. \u017beby nie by\u0142o w\u0105tpliwo\u015bci w\u015br&oacute;d grup zawodowych (bo to przynale\u017cno\u015b\u0107 do grupy zawodowej, a nie prawdziwy stan zdrowia daje przywilej \u017cycia na koszt pracuj\u0105cych podatnik&oacute;w) s\u0105 tak poszkodowane grupy jak dziennikarze obj\u0119ci zbiorowym uk\u0142adem pracy, panie z kas biletowych PKP, osoby zatrudnione w kopalniach, kt&oacute;re nigdy nie by\u0142y pod ziemi\u0105.<\/p>\n<p><!--more--><\/p>\n<p class=\"MsoNormal\" align=\"justify\">\nWszystko przez to, \u017ce za PRLu zamiast da\u0107 pracuj\u0105cym zdrowe i bezpieczne warunki pracy Jaruzelski masowo przyznawa\u0142 r&oacute;\u017cnym grupom zawodowym przywilej wcze\u015bniejszej emerytury. Kupi\u0142 sobie w ten spos&oacute;b dekad\u0119 w\u0142adzy, za kt&oacute;r\u0105 p\u0142acimy do dzi\u015b. Potem ju\u017c za demokracji i kapitalizumu lewicowe partie polityczne zamiast tworzy\u0107 warunki do zatrudniania pracownik&oacute;w restrukturyzowanych bran\u017c masowo rozszerza\u0142y prawo do wczesniejszych emerytur. Lewicowe partie kupi\u0142y sobi w ten spos&oacute;b po jednej kadencji w Sejmie.&nbsp;<span \/>Skutek jest taki, \u017ce w Polsce w ustawowym wieku emerytalnym na emerytury przechodzi tylko kilkana\u015bcie procent Polak&oacute;w &ndash; pozostali na koszt podatnika bycz\u0105 si\u0119 na wcze\u015bniejszych emeryturach na wiele lat przed ustawowym wiekiem emerytalnym. \u017beby by\u0142o weselej w tym roku za rz\u0105d&oacute;w nibyliberalnej PO obni\u017cono ustawowy wiek emerytalny dla m\u0119\u017cczyzn i wynosi on obecnie dla nich i kobiet 60 lat. Natomiast w takich Niemczech wiek emerytalny m\u0119\u017cczyzn i kobiet podniesiono do 68 lat. My m\u0142odzi podatnicy b\u0119dziemy p\u0142aci\u0107 za t\u0119 zabaw\u0119 jeszcze przez co najmniej p&oacute;\u0142 wieku.<\/p>\n<p align=\"justify\" class=\"MsoNormal\" style=\"text-align: justify\"><span>Wczoraj rz\u0105d postanowi\u0142 kosmetycznie ograniczy\u0107 przywilej do wcze\u015bniejszej emerytury na koszt m\u0142odych pracuj\u0105cych, oraz jeszcze nienarodzonych pokole\u0144.<span>&nbsp; <\/span>Zamiast pochwali\u0107 ten pomys\u0142 w dyskursie publicznym robi si\u0119 proz\u0142odziejsk\u0105 afer\u0119.<span>&nbsp; <\/span>W dzisiejszych mediach mamy <span>&nbsp;<\/span>doniesienia o drastycznym ograniczeniu prawa do wcze\u015bniejszej emerytury.<span>&nbsp; <\/span>Prawa?!? Przywilej os&oacute;b zdolnych do zarobienia na w\u0142asne \u017cycia, kt&oacute;re jednak \u017cyj\u0105 na koszt wsp&oacute;\u0142obywateli jest przedstawiany w naszym dyskursie publicznym jako prawo. Takie postawienie sprawy to skandal i oszustwo! Stara m\u0105dro\u015b\u0107 ludowa g\u0142osi, \u017ce bez pracy nie ma ko\u0142aczy.<span>&nbsp; <\/span>Ale we wsp&oacute;\u0142czesnej zsocjalizowanej Polsce starsi obywatele zach\u0119ceni przez niemoralne prawo mog\u0105 spokojnie \u017cy\u0107 na koszt podatnika. P\u0142acenie za niepracowanie osobom w wieku produkcyjnym jest okradaniem m\u0142odych Polak&oacute;w i zach\u0119t\u0105 do kombinowania i oszustwa przez starszych Polak&oacute;w. Socjali\u015bci, kt&oacute;rzy popieraj\u0105 te chore przywileje cho\u0107 s\u0105 z\u0142odziejami si\u0119gaj\u0105cymi do kieszeni m\u0142odych i przysz\u0142ych pokole\u0144, chodz\u0105 dzi\u015b w aureoli troskliwych opiekun&oacute;w poszkodowanych i uci\u015bnionych Polak&oacute;w. Mam nadziej\u0119 doczeka\u0107 przewrotu moralnego, w kt&oacute;rym socjali\u015bci promuj\u0105cy niemoralne zachowania b\u0119d\u0105 uchodzi\u0107 za \u0142obuz&oacute;w.<br \/><\/span><\/p>\n<div align=\"justify\">  <\/div>\n<p align=\"justify\" class=\"MsoNormal\" style=\"text-align: justify\"><span><strong>p.s.<\/strong> tak wiem, \u017ce w dobie oficjalnie og\u0142oszonej mi\u0142o\u015bci powy\u017csze obserwacje mog\u0105 si\u0119 wydawa\u0107 niesympatyczne, bo za sympatyczne we wsp&oacute;\u0142czesnej Polsce uchodzi u\u015bmiechanie si\u0119 i si\u0119ganie do kieszeni m\u0142odych na dzi\u015b i wiele lat do przodu. Natomiast nazywanie z\u0142odziejstwa z\u0142odziejstwem jest uwa\u017cane za zachowanie nie\u0142adne, bo przecie\u017c jest tak mi\u0142o, premier zamiast nam grozi\u0107 nas kocha, i jest pi\u0119kne polskie lato&#8230;&nbsp; <br \/><\/span><\/p>\n","protected":false},"excerpt":{"rendered":"<p>Tylko 58% Polak&oacute;w w wieku produkcyjnym pracuje. Oznacza to, \u017ce ka\u017cdy pracuj\u0105cy Polak nie do\u015b\u0107, \u017ce ma na utrzymaniu rosn\u0105ce grono emeryt&oacute;w w prawdziwym wieku emerytalnym, to jeszcze utrzymuje niepracuj\u0105cego nieroba w wieku produkcyjnym. Sam koszt wcze\u015bniejszych emerytur jest ogromny. Dzi\u015b ka\u017cdy pracuj\u0105cy co miesi\u0105c p\u0142aci 210 z\u0142otych na wcze\u015bniejszych emeryt&oacute;w. \u017beby nie by\u0142o w\u0105tpliwo\u015bci [&hellip;]<\/p>\n","protected":false},"author":2,"featured_media":0,"comment_status":"open","ping_status":"closed","sticky":false,"template":"","format":"standard","meta":{"_jetpack_memberships_contains_paid_content":false,"footnotes":""},"categories":[2,43],"tags":[],"class_list":{"0":"post-125","1":"post","2":"type-post","3":"status-publish","4":"format-standard","6":"category-polska-to-nie-jest-kraj-dla-mlodych","7":"category-praca"},"jetpack_featured_media_url":"","jetpack_sharing_enabled":true,"_links":{"self":[{"href":"https:\/\/dobrowol.org\/blog\/wp-json\/wp\/v2\/posts\/125","targetHints":{"allow":["GET"]}}],"collection":[{"href":"https:\/\/dobrowol.org\/blog\/wp-json\/wp\/v2\/posts"}],"about":[{"href":"https:\/\/dobrowol.org\/blog\/wp-json\/wp\/v2\/types\/post"}],"author":[{"embeddable":true,"href":"https:\/\/dobrowol.org\/blog\/wp-json\/wp\/v2\/users\/2"}],"replies":[{"embeddable":true,"href":"https:\/\/dobrowol.org\/blog\/wp-json\/wp\/v2\/comments?post=125"}],"version-history":[{"count":6,"href":"https:\/\/dobrowol.org\/blog\/wp-json\/wp\/v2\/posts\/125\/revisions"}],"predecessor-version":[{"id":2311,"href":"https:\/\/dobrowol.org\/blog\/wp-json\/wp\/v2\/posts\/125\/revisions\/2311"}],"wp:attachment":[{"href":"https:\/\/dobrowol.org\/blog\/wp-json\/wp\/v2\/media?parent=125"}],"wp:term":[{"taxonomy":"category","embeddable":true,"href":"https:\/\/dobrowol.org\/blog\/wp-json\/wp\/v2\/categories?post=125"},{"taxonomy":"post_tag","embeddable":true,"href":"https:\/\/dobrowol.org\/blog\/wp-json\/wp\/v2\/tags?post=125"}],"curies":[{"name":"wp","href":"https:\/\/api.w.org\/{rel}","templated":true}]}}