{"id":10,"date":"2006-05-15T17:53:56","date_gmt":"2006-05-15T17:53:56","guid":{"rendered":"http:\/\/dobrowol.org\/blog\/2006\/05\/15\/zlikwidowac-abonament-sprywatyzowac-tvp\/"},"modified":"2006-05-15T17:53:56","modified_gmt":"2006-05-15T17:53:56","slug":"zlikwidowac-abonament-sprywatyzowac-tvp","status":"publish","type":"post","link":"https:\/\/dobrowol.org\/blog\/2006\/05\/15\/zlikwidowac-abonament-sprywatyzowac-tvp\/","title":{"rendered":"Zlikwidowa\u0107 abonament, sprywatyzowa\u0107 TVP"},"content":{"rendered":"<p class=\"MsoNormal\"><strong>&nbsp;Jeden Wildstein w kierunku prywatyzacji<\/strong><\/p>\n<p class=\"MsoNormal\">Plotkarze w tym tygodniu maj\u0105 nowy temat: czy jeste\u015b za czy przeciw nominacji Wildsteina na prezesa TVP.<span>&nbsp;&nbsp; <\/span>Newseek czy Wprost da\u0142o mu nawet ok\u0142adk\u0119 z podtytu\u0142em &bdquo;M\u0142ot na \u0142\u017ce-elity&rdquo;.<span>&nbsp;<\/span>&nbsp; <\/p>\n<p class=\"MsoNormal\">Cho\u0107 mnie Wildstein ani zi\u0119bi, ani grzeje, to si\u0119 ciesz\u0119.<span>&nbsp; <\/span><span>&nbsp;<\/span>Kolejna ods\u0142ona walki czarnych, r&oacute;\u017cowych i czerwonych o sto\u0142ki w TVP przybli\u017ca nas do likwidacji abonamentu oraz prywatyzacji cz\u0119\u015bci lub ca\u0142o\u015bci TVP.<span>&nbsp; <\/span><\/p>\n<p class=\"MsoNormal\">Dzi\u015b zauwa\u017cy\u0142em, \u017ce nawet w \u015brodowisku partii demokratycznej co poniekt&oacute;rzy zacz\u0119li m&oacute;wi\u0107 o prywatyzacji TVP.<span>&nbsp; <\/span>Oczien haraszo, jak mawiaj\u0105 bracia Rosjanie, tak trzyma\u0107.<\/p>\n","protected":false},"excerpt":{"rendered":"<p>&nbsp;Jeden Wildstein w kierunku prywatyzacji Plotkarze w tym tygodniu maj\u0105 nowy temat: czy jeste\u015b za czy przeciw nominacji Wildsteina na prezesa TVP.&nbsp;&nbsp; Newseek czy Wprost da\u0142o mu nawet ok\u0142adk\u0119 z podtytu\u0142em &bdquo;M\u0142ot na \u0142\u017ce-elity&rdquo;.&nbsp;&nbsp; Cho\u0107 mnie Wildstein ani zi\u0119bi, ani grzeje, to si\u0119 ciesz\u0119.&nbsp; &nbsp;Kolejna ods\u0142ona walki czarnych, r&oacute;\u017cowych i czerwonych o sto\u0142ki w TVP [&hellip;]<\/p>\n","protected":false},"author":2,"featured_media":0,"comment_status":"open","ping_status":"closed","sticky":false,"template":"","format":"standard","meta":{"footnotes":""},"categories":[1],"tags":[],"class_list":{"0":"post-10","1":"post","2":"type-post","3":"status-publish","4":"format-standard","6":"category-uncategorized"},"_links":{"self":[{"href":"https:\/\/dobrowol.org\/blog\/wp-json\/wp\/v2\/posts\/10","targetHints":{"allow":["GET"]}}],"collection":[{"href":"https:\/\/dobrowol.org\/blog\/wp-json\/wp\/v2\/posts"}],"about":[{"href":"https:\/\/dobrowol.org\/blog\/wp-json\/wp\/v2\/types\/post"}],"author":[{"embeddable":true,"href":"https:\/\/dobrowol.org\/blog\/wp-json\/wp\/v2\/users\/2"}],"replies":[{"embeddable":true,"href":"https:\/\/dobrowol.org\/blog\/wp-json\/wp\/v2\/comments?post=10"}],"version-history":[{"count":0,"href":"https:\/\/dobrowol.org\/blog\/wp-json\/wp\/v2\/posts\/10\/revisions"}],"wp:attachment":[{"href":"https:\/\/dobrowol.org\/blog\/wp-json\/wp\/v2\/media?parent=10"}],"wp:term":[{"taxonomy":"category","embeddable":true,"href":"https:\/\/dobrowol.org\/blog\/wp-json\/wp\/v2\/categories?post=10"},{"taxonomy":"post_tag","embeddable":true,"href":"https:\/\/dobrowol.org\/blog\/wp-json\/wp\/v2\/tags?post=10"}],"curies":[{"name":"wp","href":"https:\/\/api.w.org\/{rel}","templated":true}]}}